{"id":15733,"date":"2022-02-17T10:08:14","date_gmt":"2022-02-17T10:08:14","guid":{"rendered":"https:\/\/creanovaschool.com\/2022\/elementary-invade-el-parque-del-turo-de-can-mates\/"},"modified":"2022-02-17T10:31:36","modified_gmt":"2022-02-17T10:31:36","slug":"elementary-envaeix-el-parc-del-turo-de-can-mates","status":"publish","type":"post","link":"https:\/\/creanovaschool.com\/ca\/2022\/elementary-envaeix-el-parc-del-turo-de-can-mates\/","title":{"rendered":"Elementary envaeix el Parc del Tur\u00f3 de Can Mates!"},"content":{"rendered":"<p>Aquesta setmana hem pogut gaudir d\u2019un dels espais naturals que ens ofereix Sant Cugat i que tenim ben a prop de l\u2019escola: el parc del Tur\u00f3 de Can Mates!&nbsp;<\/p>\n<p><!--more--><\/p>\n<p>El Departament d\u2019Educaci\u00f3 F\u00edsica i de la m\u00e0 de la Baru, la M\u00f2nica i els alumnes de Batxillerat, com a part del seu programa de Servei Comunitari, ens han preparat una magn\u00edfica <strong>cursa d\u2019orientaci\u00f3<\/strong> on tots els participants, des de INF5 fins a 6\u00e8 de Prim\u00e0ria, s\u2019ho han passat d\u2019all\u00f2 m\u00e9s b\u00e9. A trav\u00e9s d\u2019unes pistes, reconeixent arbres, plantes i altres senyals de refer\u00e8ncia de l\u2019entorn i fent una bona interpretaci\u00f3 del mapa, els diferents grups han anat completant el recorregut amb emoci\u00f3 i moltes ganes de riure i c\u00f3rrer.&nbsp;<\/p>\n<p>Hem acabat l\u2019excursi\u00f3 aprofitant els divertits tobogans del Tur\u00f3 de Can Mates, saltant a corda i jugant a fet i amagar.<br \/>\nEncara no hav\u00edem tornat a l\u2019escola i ja vol\u00edem saber quan far\u00edem una altra sortida!<\/p>\n<h4>Gr\u00e0cies M\u00f2nica i Baru per fer-nos-ho passar tant b\u00e9 \ud83d\ude42<\/h4>\n<p>[ngg src=\u00bbgalleries\u00bb ids=\u00bb79&#8243; display=\u00bbbasic_thumbnail\u00bb]<\/p>\n","protected":false},"excerpt":{"rendered":"<p>Aquesta setmana hem pogut gaudir d\u00b4un dels espais naturals que ens ofereix Sant Cugat i que tenim ben a prop de l\u00b4escola: el parc del Tur\u00f3 de Can Mates!&nbsp;<\/p>","protected":false},"author":8,"featured_media":15713,"comment_status":"closed","ping_status":"open","sticky":false,"template":"","format":"standard","meta":{"footnotes":""},"categories":[11],"tags":[1131,455,1183,811],"class_list":["post-15733","post","type-post","status-publish","format-standard","has-post-thumbnail","hentry","category-sin-categorizar","tag-2022-ca","tag-elementary-ca","tag-orientacio","tag-sortida"],"yoast_head":"<!-- This site is optimized with the Yoast SEO plugin v27.5 - https:\/\/yoast.com\/product\/yoast-seo-wordpress\/ -->\n<title>Elementary envaeix el Parc del Tur\u00f3 de Can Mates! - CreaNova School<\/title>\n<meta name=\"description\" content=\"La Baru, la M\u00f2nica i els alumnes de Batxillerat han preparat una magn\u00edfica cursa d\u2019orientaci\u00f3 per Elementary.\" \/>\n<meta name=\"robots\" content=\"index, follow, max-snippet:-1, max-image-preview:large, max-video-preview:-1\" \/>\n<link rel=\"canonical\" href=\"https:\/\/creanovaschool.com\/ca\/2022\/elementary-envaeix-el-parc-del-turo-de-can-mates\/\" \/>\n<meta property=\"og:locale\" content=\"ca_ES\" \/>\n<meta property=\"og:type\" content=\"article\" \/>\n<meta property=\"og:title\" content=\"Elementary envaeix el Parc del Tur\u00f3 de Can Mates! - CreaNova School\" \/>\n<meta property=\"og:description\" content=\"La Baru, la M\u00f2nica i els alumnes de Batxillerat han preparat una magn\u00edfica cursa d\u2019orientaci\u00f3 per Elementary.\" \/>\n<meta property=\"og:url\" content=\"https:\/\/creanovaschool.com\/ca\/2022\/elementary-envaeix-el-parc-del-turo-de-can-mates\/\" \/>\n<meta property=\"og:site_name\" content=\"CreaNova School\" \/>\n<meta property=\"article:publisher\" content=\"https:\/\/www.facebook.com\/collegi.creanova\" \/>\n<meta property=\"article:published_time\" content=\"2022-02-17T10:08:14+00:00\" \/>\n<meta property=\"article:modified_time\" content=\"2022-02-17T10:31:36+00:00\" \/>\n<meta property=\"og:image\" content=\"https:\/\/creanovaschool.com\/wp-content\/uploads\/2022\/02\/sortida-parc-turo-collegi-creanova-2022-preview.jpg\" \/>\n\t<meta property=\"og:image:width\" content=\"955\" \/>\n\t<meta property=\"og:image:height\" content=\"519\" \/>\n\t<meta property=\"og:image:type\" content=\"image\/jpeg\" \/>\n<meta name=\"author\" content=\"Silvia Ben\u00edtez\" \/>\n<meta name=\"twitter:card\" content=\"summary_large_image\" \/>\n<meta name=\"twitter:creator\" content=\"@CollegiCreaNova\" \/>\n<meta name=\"twitter:site\" content=\"@CollegiCreaNova\" \/>\n<meta name=\"twitter:label1\" content=\"Escrit per\" \/>\n\t<meta name=\"twitter:data1\" content=\"Silvia Ben\u00edtez\" \/>\n\t<meta name=\"twitter:label2\" content=\"Temps estimat de lectura\" \/>\n\t<meta name=\"twitter:data2\" content=\"1 minut\" \/>\n<script type=\"application\/ld+json\" class=\"yoast-schema-graph\">{\"@context\":\"https:\\\/\\\/schema.org\",\"@graph\":[{\"@type\":\"Article\",\"@id\":\"https:\\\/\\\/creanovaschool.com\\\/ca\\\/2022\\\/elementary-envaeix-el-parc-del-turo-de-can-mates\\\/#article\",\"isPartOf\":{\"@id\":\"https:\\\/\\\/creanovaschool.com\\\/ca\\\/2022\\\/elementary-envaeix-el-parc-del-turo-de-can-mates\\\/\"},\"author\":{\"name\":\"Silvia Ben\u00edtez\",\"@id\":\"https:\\\/\\\/creanovaschool.com\\\/#\\\/schema\\\/person\\\/76233ea477e705c16ea3af835fec0f15\"},\"headline\":\"Elementary envaeix el Parc del Tur\u00f3 de Can Mates!\",\"datePublished\":\"2022-02-17T10:08:14+00:00\",\"dateModified\":\"2022-02-17T10:31:36+00:00\",\"mainEntityOfPage\":{\"@id\":\"https:\\\/\\\/creanovaschool.com\\\/ca\\\/2022\\\/elementary-envaeix-el-parc-del-turo-de-can-mates\\\/\"},\"wordCount\":205,\"publisher\":{\"@id\":\"https:\\\/\\\/creanovaschool.com\\\/#organization\"},\"image\":{\"@id\":\"https:\\\/\\\/creanovaschool.com\\\/ca\\\/2022\\\/elementary-envaeix-el-parc-del-turo-de-can-mates\\\/#primaryimage\"},\"thumbnailUrl\":\"https:\\\/\\\/creanovaschool.com\\\/wp-content\\\/uploads\\\/2022\\\/02\\\/sortida-parc-turo-collegi-creanova-2022-preview.jpg\",\"keywords\":[\"2022\",\"elementary\",\"orientaci\u00f3\",\"sortida\"],\"articleSection\":[\"Sin categorizar\"],\"inLanguage\":\"ca\"},{\"@type\":\"WebPage\",\"@id\":\"https:\\\/\\\/creanovaschool.com\\\/ca\\\/2022\\\/elementary-envaeix-el-parc-del-turo-de-can-mates\\\/\",\"url\":\"https:\\\/\\\/creanovaschool.com\\\/ca\\\/2022\\\/elementary-envaeix-el-parc-del-turo-de-can-mates\\\/\",\"name\":\"Elementary envaeix el Parc del Tur\u00f3 de Can Mates! - CreaNova School\",\"isPartOf\":{\"@id\":\"https:\\\/\\\/creanovaschool.com\\\/#website\"},\"primaryImageOfPage\":{\"@id\":\"https:\\\/\\\/creanovaschool.com\\\/ca\\\/2022\\\/elementary-envaeix-el-parc-del-turo-de-can-mates\\\/#primaryimage\"},\"image\":{\"@id\":\"https:\\\/\\\/creanovaschool.com\\\/ca\\\/2022\\\/elementary-envaeix-el-parc-del-turo-de-can-mates\\\/#primaryimage\"},\"thumbnailUrl\":\"https:\\\/\\\/creanovaschool.com\\\/wp-content\\\/uploads\\\/2022\\\/02\\\/sortida-parc-turo-collegi-creanova-2022-preview.jpg\",\"datePublished\":\"2022-02-17T10:08:14+00:00\",\"dateModified\":\"2022-02-17T10:31:36+00:00\",\"description\":\"La Baru, la M\u00f2nica i els alumnes de Batxillerat han preparat una magn\u00edfica cursa d\u2019orientaci\u00f3 per Elementary.\",\"breadcrumb\":{\"@id\":\"https:\\\/\\\/creanovaschool.com\\\/ca\\\/2022\\\/elementary-envaeix-el-parc-del-turo-de-can-mates\\\/#breadcrumb\"},\"inLanguage\":\"ca\",\"potentialAction\":[{\"@type\":\"ReadAction\",\"target\":[\"https:\\\/\\\/creanovaschool.com\\\/ca\\\/2022\\\/elementary-envaeix-el-parc-del-turo-de-can-mates\\\/\"]}]},{\"@type\":\"ImageObject\",\"inLanguage\":\"ca\",\"@id\":\"https:\\\/\\\/creanovaschool.com\\\/ca\\\/2022\\\/elementary-envaeix-el-parc-del-turo-de-can-mates\\\/#primaryimage\",\"url\":\"https:\\\/\\\/creanovaschool.com\\\/wp-content\\\/uploads\\\/2022\\\/02\\\/sortida-parc-turo-collegi-creanova-2022-preview.jpg\",\"contentUrl\":\"https:\\\/\\\/creanovaschool.com\\\/wp-content\\\/uploads\\\/2022\\\/02\\\/sortida-parc-turo-collegi-creanova-2022-preview.jpg\",\"width\":955,\"height\":519,\"caption\":\"Sortida Parc del Tur\u00f2 - 2022 - Col\u00b7legi CreaNova Sant Cugat del Vall\u00e8s (Barcelona)\"},{\"@type\":\"BreadcrumbList\",\"@id\":\"https:\\\/\\\/creanovaschool.com\\\/ca\\\/2022\\\/elementary-envaeix-el-parc-del-turo-de-can-mates\\\/#breadcrumb\",\"itemListElement\":[{\"@type\":\"ListItem\",\"position\":1,\"name\":\"Portada\",\"item\":\"https:\\\/\\\/creanovaschool.com\\\/\"},{\"@type\":\"ListItem\",\"position\":2,\"name\":\"Elementary envaeix el Parc del Tur\u00f3 de Can Mates!\"}]},{\"@type\":\"WebSite\",\"@id\":\"https:\\\/\\\/creanovaschool.com\\\/#website\",\"url\":\"https:\\\/\\\/creanovaschool.com\\\/\",\"name\":\"CreaNova School\",\"description\":\"Learning by doing private school in Barcelona\",\"publisher\":{\"@id\":\"https:\\\/\\\/creanovaschool.com\\\/#organization\"},\"potentialAction\":[{\"@type\":\"SearchAction\",\"target\":{\"@type\":\"EntryPoint\",\"urlTemplate\":\"https:\\\/\\\/creanovaschool.com\\\/?s={search_term_string}\"},\"query-input\":{\"@type\":\"PropertyValueSpecification\",\"valueRequired\":true,\"valueName\":\"search_term_string\"}}],\"inLanguage\":\"ca\"},{\"@type\":\"Organization\",\"@id\":\"https:\\\/\\\/creanovaschool.com\\\/#organization\",\"name\":\"CreaNova School\",\"url\":\"https:\\\/\\\/creanovaschool.com\\\/\",\"logo\":{\"@type\":\"ImageObject\",\"inLanguage\":\"ca\",\"@id\":\"https:\\\/\\\/creanovaschool.com\\\/#\\\/schema\\\/logo\\\/image\\\/\",\"url\":\"https:\\\/\\\/creanovaschool.com\\\/wp-content\\\/uploads\\\/2024\\\/07\\\/Logo_Creanova_claim.png\",\"contentUrl\":\"https:\\\/\\\/creanovaschool.com\\\/wp-content\\\/uploads\\\/2024\\\/07\\\/Logo_Creanova_claim.png\",\"width\":2909,\"height\":960,\"caption\":\"CreaNova School\"},\"image\":{\"@id\":\"https:\\\/\\\/creanovaschool.com\\\/#\\\/schema\\\/logo\\\/image\\\/\"},\"sameAs\":[\"https:\\\/\\\/www.facebook.com\\\/collegi.creanova\",\"https:\\\/\\\/x.com\\\/CollegiCreaNova\",\"https:\\\/\\\/www.instagram.com\\\/collegicreanova\\\/\",\"https:\\\/\\\/www.pinterest.com\\\/collegiCreaNova\\\/\",\"https:\\\/\\\/www.youtube.com\\\/channel\\\/UCNAWIuULmSWS1gnVCYmnIIw\"]},{\"@type\":\"Person\",\"@id\":\"https:\\\/\\\/creanovaschool.com\\\/#\\\/schema\\\/person\\\/76233ea477e705c16ea3af835fec0f15\",\"name\":\"Silvia Ben\u00edtez\",\"url\":\"https:\\\/\\\/creanovaschool.com\\\/ca\\\/author\\\/silvia-benitez\\\/\"}]}<\/script>\n<!-- \/ Yoast SEO plugin. -->","yoast_head_json":{"title":"Elementary envaeix el Parc del Tur\u00f3 de Can Mates! - CreaNova School","description":"La Baru, la M\u00f2nica i els alumnes de Batxillerat han preparat una magn\u00edfica cursa d\u00b4orientaci\u00f3 per Elementary.","robots":{"index":"index","follow":"follow","max-snippet":"max-snippet:-1","max-image-preview":"max-image-preview:large","max-video-preview":"max-video-preview:-1"},"canonical":"https:\/\/creanovaschool.com\/ca\/2022\/elementary-envaeix-el-parc-del-turo-de-can-mates\/","og_locale":"ca_ES","og_type":"article","og_title":"Elementary envaeix el Parc del Tur\u00f3 de Can Mates! - CreaNova School","og_description":"La Baru, la M\u00f2nica i els alumnes de Batxillerat han preparat una magn\u00edfica cursa d\u2019orientaci\u00f3 per Elementary.","og_url":"https:\/\/creanovaschool.com\/ca\/2022\/elementary-envaeix-el-parc-del-turo-de-can-mates\/","og_site_name":"CreaNova School","article_publisher":"https:\/\/www.facebook.com\/collegi.creanova","article_published_time":"2022-02-17T10:08:14+00:00","article_modified_time":"2022-02-17T10:31:36+00:00","og_image":[{"width":955,"height":519,"url":"https:\/\/creanovaschool.com\/wp-content\/uploads\/2022\/02\/sortida-parc-turo-collegi-creanova-2022-preview.jpg","type":"image\/jpeg"}],"author":"Silvia Ben\u00edtez","twitter_card":"summary_large_image","twitter_creator":"@CollegiCreaNova","twitter_site":"@CollegiCreaNova","twitter_misc":{"Escrit per":"Silvia Ben\u00edtez","Temps estimat de lectura":"1 minut"},"schema":{"@context":"https:\/\/schema.org","@graph":[{"@type":"Article","@id":"https:\/\/creanovaschool.com\/ca\/2022\/elementary-envaeix-el-parc-del-turo-de-can-mates\/#article","isPartOf":{"@id":"https:\/\/creanovaschool.com\/ca\/2022\/elementary-envaeix-el-parc-del-turo-de-can-mates\/"},"author":{"name":"Silvia Ben\u00edtez","@id":"https:\/\/creanovaschool.com\/#\/schema\/person\/76233ea477e705c16ea3af835fec0f15"},"headline":"Elementary envaeix el Parc del Tur\u00f3 de Can Mates!","datePublished":"2022-02-17T10:08:14+00:00","dateModified":"2022-02-17T10:31:36+00:00","mainEntityOfPage":{"@id":"https:\/\/creanovaschool.com\/ca\/2022\/elementary-envaeix-el-parc-del-turo-de-can-mates\/"},"wordCount":205,"publisher":{"@id":"https:\/\/creanovaschool.com\/#organization"},"image":{"@id":"https:\/\/creanovaschool.com\/ca\/2022\/elementary-envaeix-el-parc-del-turo-de-can-mates\/#primaryimage"},"thumbnailUrl":"https:\/\/creanovaschool.com\/wp-content\/uploads\/2022\/02\/sortida-parc-turo-collegi-creanova-2022-preview.jpg","keywords":["2022","elementary","orientaci\u00f3","sortida"],"articleSection":["Sin categorizar"],"inLanguage":"ca"},{"@type":"WebPage","@id":"https:\/\/creanovaschool.com\/ca\/2022\/elementary-envaeix-el-parc-del-turo-de-can-mates\/","url":"https:\/\/creanovaschool.com\/ca\/2022\/elementary-envaeix-el-parc-del-turo-de-can-mates\/","name":"Elementary envaeix el Parc del Tur\u00f3 de Can Mates! - CreaNova School","isPartOf":{"@id":"https:\/\/creanovaschool.com\/#website"},"primaryImageOfPage":{"@id":"https:\/\/creanovaschool.com\/ca\/2022\/elementary-envaeix-el-parc-del-turo-de-can-mates\/#primaryimage"},"image":{"@id":"https:\/\/creanovaschool.com\/ca\/2022\/elementary-envaeix-el-parc-del-turo-de-can-mates\/#primaryimage"},"thumbnailUrl":"https:\/\/creanovaschool.com\/wp-content\/uploads\/2022\/02\/sortida-parc-turo-collegi-creanova-2022-preview.jpg","datePublished":"2022-02-17T10:08:14+00:00","dateModified":"2022-02-17T10:31:36+00:00","description":"La Baru, la M\u00f2nica i els alumnes de Batxillerat han preparat una magn\u00edfica cursa d\u00b4orientaci\u00f3 per Elementary.","breadcrumb":{"@id":"https:\/\/creanovaschool.com\/ca\/2022\/elementary-envaeix-el-parc-del-turo-de-can-mates\/#breadcrumb"},"inLanguage":"ca","potentialAction":[{"@type":"ReadAction","target":["https:\/\/creanovaschool.com\/ca\/2022\/elementary-envaeix-el-parc-del-turo-de-can-mates\/"]}]},{"@type":"ImageObject","inLanguage":"ca","@id":"https:\/\/creanovaschool.com\/ca\/2022\/elementary-envaeix-el-parc-del-turo-de-can-mates\/#primaryimage","url":"https:\/\/creanovaschool.com\/wp-content\/uploads\/2022\/02\/sortida-parc-turo-collegi-creanova-2022-preview.jpg","contentUrl":"https:\/\/creanovaschool.com\/wp-content\/uploads\/2022\/02\/sortida-parc-turo-collegi-creanova-2022-preview.jpg","width":955,"height":519,"caption":"Sortida Parc del Tur\u00f2 - 2022 - Col\u00b7legi CreaNova Sant Cugat del Vall\u00e8s (Barcelona)"},{"@type":"BreadcrumbList","@id":"https:\/\/creanovaschool.com\/ca\/2022\/elementary-envaeix-el-parc-del-turo-de-can-mates\/#breadcrumb","itemListElement":[{"@type":"ListItem","position":1,"name":"Portada","item":"https:\/\/creanovaschool.com\/"},{"@type":"ListItem","position":2,"name":"Elementary envaeix el Parc del Tur\u00f3 de Can Mates!"}]},{"@type":"WebSite","@id":"https:\/\/creanovaschool.com\/#website","url":"https:\/\/creanovaschool.com\/","name":"CreaNova School","description":"Learning by doing private school in Barcelona","publisher":{"@id":"https:\/\/creanovaschool.com\/#organization"},"potentialAction":[{"@type":"SearchAction","target":{"@type":"EntryPoint","urlTemplate":"https:\/\/creanovaschool.com\/?s={search_term_string}"},"query-input":{"@type":"PropertyValueSpecification","valueRequired":true,"valueName":"search_term_string"}}],"inLanguage":"ca"},{"@type":"Organization","@id":"https:\/\/creanovaschool.com\/#organization","name":"CreaNova School","url":"https:\/\/creanovaschool.com\/","logo":{"@type":"ImageObject","inLanguage":"ca","@id":"https:\/\/creanovaschool.com\/#\/schema\/logo\/image\/","url":"https:\/\/creanovaschool.com\/wp-content\/uploads\/2024\/07\/Logo_Creanova_claim.png","contentUrl":"https:\/\/creanovaschool.com\/wp-content\/uploads\/2024\/07\/Logo_Creanova_claim.png","width":2909,"height":960,"caption":"CreaNova School"},"image":{"@id":"https:\/\/creanovaschool.com\/#\/schema\/logo\/image\/"},"sameAs":["https:\/\/www.facebook.com\/collegi.creanova","https:\/\/x.com\/CollegiCreaNova","https:\/\/www.instagram.com\/collegicreanova\/","https:\/\/www.pinterest.com\/collegiCreaNova\/","https:\/\/www.youtube.com\/channel\/UCNAWIuULmSWS1gnVCYmnIIw"]},{"@type":"Person","@id":"https:\/\/creanovaschool.com\/#\/schema\/person\/76233ea477e705c16ea3af835fec0f15","name":"Silvia Ben\u00edtez","url":"https:\/\/creanovaschool.com\/ca\/author\/silvia-benitez\/"}]}},"_links":{"self":[{"href":"https:\/\/creanovaschool.com\/ca\/wp-json\/wp\/v2\/posts\/15733","targetHints":{"allow":["GET"]}}],"collection":[{"href":"https:\/\/creanovaschool.com\/ca\/wp-json\/wp\/v2\/posts"}],"about":[{"href":"https:\/\/creanovaschool.com\/ca\/wp-json\/wp\/v2\/types\/post"}],"author":[{"embeddable":true,"href":"https:\/\/creanovaschool.com\/ca\/wp-json\/wp\/v2\/users\/8"}],"replies":[{"embeddable":true,"href":"https:\/\/creanovaschool.com\/ca\/wp-json\/wp\/v2\/comments?post=15733"}],"version-history":[{"count":4,"href":"https:\/\/creanovaschool.com\/ca\/wp-json\/wp\/v2\/posts\/15733\/revisions"}],"predecessor-version":[{"id":15738,"href":"https:\/\/creanovaschool.com\/ca\/wp-json\/wp\/v2\/posts\/15733\/revisions\/15738"}],"wp:featuredmedia":[{"embeddable":true,"href":"https:\/\/creanovaschool.com\/ca\/wp-json\/wp\/v2\/media\/15713"}],"wp:attachment":[{"href":"https:\/\/creanovaschool.com\/ca\/wp-json\/wp\/v2\/media?parent=15733"}],"wp:term":[{"taxonomy":"category","embeddable":true,"href":"https:\/\/creanovaschool.com\/ca\/wp-json\/wp\/v2\/categories?post=15733"},{"taxonomy":"post_tag","embeddable":true,"href":"https:\/\/creanovaschool.com\/ca\/wp-json\/wp\/v2\/tags?post=15733"}],"curies":[{"name":"wp","href":"https:\/\/api.w.org\/{rel}","templated":true}]}}