{"id":16366,"date":"2022-05-10T09:56:28","date_gmt":"2022-05-10T09:56:28","guid":{"rendered":"https:\/\/creanovaschool.com\/?p=16366"},"modified":"2022-05-10T14:16:03","modified_gmt":"2022-05-10T14:16:03","slug":"nou-exit-de-les-terceres-portes-obertes-a-creanova","status":"publish","type":"post","link":"https:\/\/creanovaschool.com\/ca\/2022\/nou-exit-de-les-terceres-portes-obertes-a-creanova\/","title":{"rendered":"Nou \u00e8xit de les terceres Portes Obertes a CreaNova!"},"content":{"rendered":"<p>+de 25 fam\u00edlies ens van visitar el passat dissabte 7 de maig per con\u00e8ixer ben a fons el Projecte Educatiu de la nostra escola.&nbsp;<br \/>\n<!--more--><\/p>\n<p>Vam passar un mat\u00ed explicant qui som, qu\u00e8 fem i com ho fem\u2026 les fam\u00edlies van poder evidenciar els pilars fonamentals del nostre projecte: aprendre fent, treball basat en projectes, acompanyament emocional i com tenim cura, de manera individualitzada, de tots i cada un dels nostres alumnes atenent les seves necessitats, les seves habilitats, interessos i motivacions atents al seu moment maduratiu, ritme i estil d\u2019aprenentatge.<\/p>\n<p>Dues s\u00f3n les claus perqu\u00e8 aix\u00f2 sigui possible: la nostra petita-gran fam\u00edlia, grups redu\u00efts, interacci\u00f3 entre les diferents edats i, sobretot, la qualitat del docent de CreaNova: grans professionals, en cont\u00ednua formaci\u00f3, dedicaci\u00f3 i professionalitat.<\/p>\n<p>El mat\u00ed ens va permetre intercanviar inquietuds i dubtes sobre l\u2019educaci\u00f3, el m\u00f3n en qu\u00e8 vivim i la constant capacitat i adquisici\u00f3 de les habilitats que fan que anem \u2018llaurant\u2019 el futur dels nostres fills que \u00e9s ARA!<\/p>\n<p>Gr\u00e0cies fam\u00edlies, professors i alumnes per fer-ho possible! us recordem que, si encara no ens coneixeu, teniu sempre les portes obertes de CreaNova\u2026Benvinguts!<\/p>\n<p>[ngg src=\u00bbgalleries\u00bb ids=\u00bb85&#8243; display=\u00bbbasic_thumbnail\u00bb]<\/p>\n","protected":false},"excerpt":{"rendered":"<p>+de 25 fam\u00edlies ens visitaran el passat dissabte 7 de maig per con\u00e8ixer ben a fons el Projecte Educatiu de la nostra escola.&nbsp;<\/p>","protected":false},"author":8,"featured_media":16364,"comment_status":"closed","ping_status":"open","sticky":false,"template":"","format":"standard","meta":{"footnotes":""},"categories":[11],"tags":[1131,70,479],"class_list":["post-16366","post","type-post","status-publish","format-standard","has-post-thumbnail","hentry","category-sin-categorizar","tag-2022-ca","tag-portes-obertes","tag-portes-obertes-ca"],"yoast_head":"<!-- This site is optimized with the Yoast SEO plugin v27.5 - https:\/\/yoast.com\/product\/yoast-seo-wordpress\/ -->\n<title>Nou \u00e8xit de les terceres Portes Obertes a CreaNova!<\/title>\n<meta name=\"description\" content=\"+de 25 fam\u00edlies ens van visitar el passat dissabte 7 de maig per con\u00e8ixer ben a fons el Projecte Educatiu de la nostra escola.\u00a0\" \/>\n<meta name=\"robots\" content=\"index, follow, max-snippet:-1, max-image-preview:large, max-video-preview:-1\" \/>\n<link rel=\"canonical\" href=\"https:\/\/creanovaschool.com\/ca\/2022\/nou-exit-de-les-terceres-portes-obertes-a-creanova\/\" \/>\n<meta property=\"og:locale\" content=\"ca_ES\" \/>\n<meta property=\"og:type\" content=\"article\" \/>\n<meta property=\"og:title\" content=\"Nou \u00e8xit de les terceres Portes Obertes a CreaNova!\" \/>\n<meta property=\"og:description\" content=\"+de 25 fam\u00edlies ens van visitar el passat dissabte 7 de maig per con\u00e8ixer ben a fons el Projecte Educatiu de la nostra escola.\u00a0\" \/>\n<meta property=\"og:url\" content=\"https:\/\/creanovaschool.com\/ca\/2022\/nou-exit-de-les-terceres-portes-obertes-a-creanova\/\" \/>\n<meta property=\"og:site_name\" content=\"CreaNova School\" \/>\n<meta property=\"article:publisher\" content=\"https:\/\/www.facebook.com\/collegi.creanova\" \/>\n<meta property=\"article:published_time\" content=\"2022-05-10T09:56:28+00:00\" \/>\n<meta property=\"article:modified_time\" content=\"2022-05-10T14:16:03+00:00\" \/>\n<meta property=\"og:image\" content=\"https:\/\/creanovaschool.com\/wp-content\/uploads\/2022\/05\/portes-obertes-collegi-creanova-maig-2022-preview.jpg\" \/>\n\t<meta property=\"og:image:width\" content=\"955\" \/>\n\t<meta property=\"og:image:height\" content=\"519\" \/>\n\t<meta property=\"og:image:type\" content=\"image\/jpeg\" \/>\n<meta name=\"author\" content=\"Silvia Ben\u00edtez\" \/>\n<meta name=\"twitter:card\" content=\"summary_large_image\" \/>\n<meta name=\"twitter:creator\" content=\"@CollegiCreaNova\" \/>\n<meta name=\"twitter:site\" content=\"@CollegiCreaNova\" \/>\n<meta name=\"twitter:label1\" content=\"Escrit per\" \/>\n\t<meta name=\"twitter:data1\" content=\"Silvia Ben\u00edtez\" \/>\n\t<meta name=\"twitter:label2\" content=\"Temps estimat de lectura\" \/>\n\t<meta name=\"twitter:data2\" content=\"1 minut\" \/>\n<script type=\"application\/ld+json\" class=\"yoast-schema-graph\">{\"@context\":\"https:\\\/\\\/schema.org\",\"@graph\":[{\"@type\":\"Article\",\"@id\":\"https:\\\/\\\/creanovaschool.com\\\/ca\\\/2022\\\/nou-exit-de-les-terceres-portes-obertes-a-creanova\\\/#article\",\"isPartOf\":{\"@id\":\"https:\\\/\\\/creanovaschool.com\\\/ca\\\/2022\\\/nou-exit-de-les-terceres-portes-obertes-a-creanova\\\/\"},\"author\":{\"name\":\"Silvia Ben\u00edtez\",\"@id\":\"https:\\\/\\\/creanovaschool.com\\\/#\\\/schema\\\/person\\\/76233ea477e705c16ea3af835fec0f15\"},\"headline\":\"Nou \u00e8xit de les terceres Portes Obertes a CreaNova!\",\"datePublished\":\"2022-05-10T09:56:28+00:00\",\"dateModified\":\"2022-05-10T14:16:03+00:00\",\"mainEntityOfPage\":{\"@id\":\"https:\\\/\\\/creanovaschool.com\\\/ca\\\/2022\\\/nou-exit-de-les-terceres-portes-obertes-a-creanova\\\/\"},\"wordCount\":214,\"publisher\":{\"@id\":\"https:\\\/\\\/creanovaschool.com\\\/#organization\"},\"image\":{\"@id\":\"https:\\\/\\\/creanovaschool.com\\\/ca\\\/2022\\\/nou-exit-de-les-terceres-portes-obertes-a-creanova\\\/#primaryimage\"},\"thumbnailUrl\":\"https:\\\/\\\/creanovaschool.com\\\/wp-content\\\/uploads\\\/2022\\\/05\\\/portes-obertes-collegi-creanova-maig-2022-preview.jpg\",\"keywords\":[\"2022\",\"portes obertes\",\"Portes Obertes\"],\"articleSection\":[\"Sin categorizar\"],\"inLanguage\":\"ca\"},{\"@type\":\"WebPage\",\"@id\":\"https:\\\/\\\/creanovaschool.com\\\/ca\\\/2022\\\/nou-exit-de-les-terceres-portes-obertes-a-creanova\\\/\",\"url\":\"https:\\\/\\\/creanovaschool.com\\\/ca\\\/2022\\\/nou-exit-de-les-terceres-portes-obertes-a-creanova\\\/\",\"name\":\"Nou \u00e8xit de les terceres Portes Obertes a CreaNova!\",\"isPartOf\":{\"@id\":\"https:\\\/\\\/creanovaschool.com\\\/#website\"},\"primaryImageOfPage\":{\"@id\":\"https:\\\/\\\/creanovaschool.com\\\/ca\\\/2022\\\/nou-exit-de-les-terceres-portes-obertes-a-creanova\\\/#primaryimage\"},\"image\":{\"@id\":\"https:\\\/\\\/creanovaschool.com\\\/ca\\\/2022\\\/nou-exit-de-les-terceres-portes-obertes-a-creanova\\\/#primaryimage\"},\"thumbnailUrl\":\"https:\\\/\\\/creanovaschool.com\\\/wp-content\\\/uploads\\\/2022\\\/05\\\/portes-obertes-collegi-creanova-maig-2022-preview.jpg\",\"datePublished\":\"2022-05-10T09:56:28+00:00\",\"dateModified\":\"2022-05-10T14:16:03+00:00\",\"description\":\"+de 25 fam\u00edlies ens van visitar el passat dissabte 7 de maig per con\u00e8ixer ben a fons el Projecte Educatiu de la nostra escola.\u00a0\",\"breadcrumb\":{\"@id\":\"https:\\\/\\\/creanovaschool.com\\\/ca\\\/2022\\\/nou-exit-de-les-terceres-portes-obertes-a-creanova\\\/#breadcrumb\"},\"inLanguage\":\"ca\",\"potentialAction\":[{\"@type\":\"ReadAction\",\"target\":[\"https:\\\/\\\/creanovaschool.com\\\/ca\\\/2022\\\/nou-exit-de-les-terceres-portes-obertes-a-creanova\\\/\"]}]},{\"@type\":\"ImageObject\",\"inLanguage\":\"ca\",\"@id\":\"https:\\\/\\\/creanovaschool.com\\\/ca\\\/2022\\\/nou-exit-de-les-terceres-portes-obertes-a-creanova\\\/#primaryimage\",\"url\":\"https:\\\/\\\/creanovaschool.com\\\/wp-content\\\/uploads\\\/2022\\\/05\\\/portes-obertes-collegi-creanova-maig-2022-preview.jpg\",\"contentUrl\":\"https:\\\/\\\/creanovaschool.com\\\/wp-content\\\/uploads\\\/2022\\\/05\\\/portes-obertes-collegi-creanova-maig-2022-preview.jpg\",\"width\":955,\"height\":519,\"caption\":\"Nou \u00e8xit de les terceres Portes Obertes a CreaNova!\"},{\"@type\":\"BreadcrumbList\",\"@id\":\"https:\\\/\\\/creanovaschool.com\\\/ca\\\/2022\\\/nou-exit-de-les-terceres-portes-obertes-a-creanova\\\/#breadcrumb\",\"itemListElement\":[{\"@type\":\"ListItem\",\"position\":1,\"name\":\"Portada\",\"item\":\"https:\\\/\\\/creanovaschool.com\\\/\"},{\"@type\":\"ListItem\",\"position\":2,\"name\":\"Nou \u00e8xit de les terceres Portes Obertes a CreaNova!\"}]},{\"@type\":\"WebSite\",\"@id\":\"https:\\\/\\\/creanovaschool.com\\\/#website\",\"url\":\"https:\\\/\\\/creanovaschool.com\\\/\",\"name\":\"CreaNova School\",\"description\":\"Learning by doing private school in Barcelona\",\"publisher\":{\"@id\":\"https:\\\/\\\/creanovaschool.com\\\/#organization\"},\"potentialAction\":[{\"@type\":\"SearchAction\",\"target\":{\"@type\":\"EntryPoint\",\"urlTemplate\":\"https:\\\/\\\/creanovaschool.com\\\/?s={search_term_string}\"},\"query-input\":{\"@type\":\"PropertyValueSpecification\",\"valueRequired\":true,\"valueName\":\"search_term_string\"}}],\"inLanguage\":\"ca\"},{\"@type\":\"Organization\",\"@id\":\"https:\\\/\\\/creanovaschool.com\\\/#organization\",\"name\":\"CreaNova School\",\"url\":\"https:\\\/\\\/creanovaschool.com\\\/\",\"logo\":{\"@type\":\"ImageObject\",\"inLanguage\":\"ca\",\"@id\":\"https:\\\/\\\/creanovaschool.com\\\/#\\\/schema\\\/logo\\\/image\\\/\",\"url\":\"https:\\\/\\\/creanovaschool.com\\\/wp-content\\\/uploads\\\/2024\\\/07\\\/Logo_Creanova_claim.png\",\"contentUrl\":\"https:\\\/\\\/creanovaschool.com\\\/wp-content\\\/uploads\\\/2024\\\/07\\\/Logo_Creanova_claim.png\",\"width\":2909,\"height\":960,\"caption\":\"CreaNova School\"},\"image\":{\"@id\":\"https:\\\/\\\/creanovaschool.com\\\/#\\\/schema\\\/logo\\\/image\\\/\"},\"sameAs\":[\"https:\\\/\\\/www.facebook.com\\\/collegi.creanova\",\"https:\\\/\\\/x.com\\\/CollegiCreaNova\",\"https:\\\/\\\/www.instagram.com\\\/collegicreanova\\\/\",\"https:\\\/\\\/www.pinterest.com\\\/collegiCreaNova\\\/\",\"https:\\\/\\\/www.youtube.com\\\/channel\\\/UCNAWIuULmSWS1gnVCYmnIIw\"]},{\"@type\":\"Person\",\"@id\":\"https:\\\/\\\/creanovaschool.com\\\/#\\\/schema\\\/person\\\/76233ea477e705c16ea3af835fec0f15\",\"name\":\"Silvia Ben\u00edtez\",\"url\":\"https:\\\/\\\/creanovaschool.com\\\/ca\\\/author\\\/silvia-benitez\\\/\"}]}<\/script>\n<!-- \/ Yoast SEO plugin. -->","yoast_head_json":{"title":"Nou \u00e8xit de les terceres Portes Obertes a CreaNova!","description":"+de 25 fam\u00edlies ens visitaran el passat dissabte 7 de maig per con\u00e8ixer ben a fons el Projecte Educatiu de la nostra escola.\u00a0","robots":{"index":"index","follow":"follow","max-snippet":"max-snippet:-1","max-image-preview":"max-image-preview:large","max-video-preview":"max-video-preview:-1"},"canonical":"https:\/\/creanovaschool.com\/ca\/2022\/nou-exit-de-les-terceres-portes-obertes-a-creanova\/","og_locale":"ca_ES","og_type":"article","og_title":"Nou \u00e8xit de les terceres Portes Obertes a CreaNova!","og_description":"+de 25 fam\u00edlies ens van visitar el passat dissabte 7 de maig per con\u00e8ixer ben a fons el Projecte Educatiu de la nostra escola.\u00a0","og_url":"https:\/\/creanovaschool.com\/ca\/2022\/nou-exit-de-les-terceres-portes-obertes-a-creanova\/","og_site_name":"CreaNova School","article_publisher":"https:\/\/www.facebook.com\/collegi.creanova","article_published_time":"2022-05-10T09:56:28+00:00","article_modified_time":"2022-05-10T14:16:03+00:00","og_image":[{"width":955,"height":519,"url":"https:\/\/creanovaschool.com\/wp-content\/uploads\/2022\/05\/portes-obertes-collegi-creanova-maig-2022-preview.jpg","type":"image\/jpeg"}],"author":"Silvia Ben\u00edtez","twitter_card":"summary_large_image","twitter_creator":"@CollegiCreaNova","twitter_site":"@CollegiCreaNova","twitter_misc":{"Escrit per":"Silvia Ben\u00edtez","Temps estimat de lectura":"1 minut"},"schema":{"@context":"https:\/\/schema.org","@graph":[{"@type":"Article","@id":"https:\/\/creanovaschool.com\/ca\/2022\/nou-exit-de-les-terceres-portes-obertes-a-creanova\/#article","isPartOf":{"@id":"https:\/\/creanovaschool.com\/ca\/2022\/nou-exit-de-les-terceres-portes-obertes-a-creanova\/"},"author":{"name":"Silvia Ben\u00edtez","@id":"https:\/\/creanovaschool.com\/#\/schema\/person\/76233ea477e705c16ea3af835fec0f15"},"headline":"Nou \u00e8xit de les terceres Portes Obertes a CreaNova!","datePublished":"2022-05-10T09:56:28+00:00","dateModified":"2022-05-10T14:16:03+00:00","mainEntityOfPage":{"@id":"https:\/\/creanovaschool.com\/ca\/2022\/nou-exit-de-les-terceres-portes-obertes-a-creanova\/"},"wordCount":214,"publisher":{"@id":"https:\/\/creanovaschool.com\/#organization"},"image":{"@id":"https:\/\/creanovaschool.com\/ca\/2022\/nou-exit-de-les-terceres-portes-obertes-a-creanova\/#primaryimage"},"thumbnailUrl":"https:\/\/creanovaschool.com\/wp-content\/uploads\/2022\/05\/portes-obertes-collegi-creanova-maig-2022-preview.jpg","keywords":["2022","portes obertes","Portes Obertes"],"articleSection":["Sin categorizar"],"inLanguage":"ca"},{"@type":"WebPage","@id":"https:\/\/creanovaschool.com\/ca\/2022\/nou-exit-de-les-terceres-portes-obertes-a-creanova\/","url":"https:\/\/creanovaschool.com\/ca\/2022\/nou-exit-de-les-terceres-portes-obertes-a-creanova\/","name":"Nou \u00e8xit de les terceres Portes Obertes a CreaNova!","isPartOf":{"@id":"https:\/\/creanovaschool.com\/#website"},"primaryImageOfPage":{"@id":"https:\/\/creanovaschool.com\/ca\/2022\/nou-exit-de-les-terceres-portes-obertes-a-creanova\/#primaryimage"},"image":{"@id":"https:\/\/creanovaschool.com\/ca\/2022\/nou-exit-de-les-terceres-portes-obertes-a-creanova\/#primaryimage"},"thumbnailUrl":"https:\/\/creanovaschool.com\/wp-content\/uploads\/2022\/05\/portes-obertes-collegi-creanova-maig-2022-preview.jpg","datePublished":"2022-05-10T09:56:28+00:00","dateModified":"2022-05-10T14:16:03+00:00","description":"+de 25 fam\u00edlies ens visitaran el passat dissabte 7 de maig per con\u00e8ixer ben a fons el Projecte Educatiu de la nostra escola.\u00a0","breadcrumb":{"@id":"https:\/\/creanovaschool.com\/ca\/2022\/nou-exit-de-les-terceres-portes-obertes-a-creanova\/#breadcrumb"},"inLanguage":"ca","potentialAction":[{"@type":"ReadAction","target":["https:\/\/creanovaschool.com\/ca\/2022\/nou-exit-de-les-terceres-portes-obertes-a-creanova\/"]}]},{"@type":"ImageObject","inLanguage":"ca","@id":"https:\/\/creanovaschool.com\/ca\/2022\/nou-exit-de-les-terceres-portes-obertes-a-creanova\/#primaryimage","url":"https:\/\/creanovaschool.com\/wp-content\/uploads\/2022\/05\/portes-obertes-collegi-creanova-maig-2022-preview.jpg","contentUrl":"https:\/\/creanovaschool.com\/wp-content\/uploads\/2022\/05\/portes-obertes-collegi-creanova-maig-2022-preview.jpg","width":955,"height":519,"caption":"Nou \u00e8xit de les terceres Portes Obertes a CreaNova!"},{"@type":"BreadcrumbList","@id":"https:\/\/creanovaschool.com\/ca\/2022\/nou-exit-de-les-terceres-portes-obertes-a-creanova\/#breadcrumb","itemListElement":[{"@type":"ListItem","position":1,"name":"Portada","item":"https:\/\/creanovaschool.com\/"},{"@type":"ListItem","position":2,"name":"Nou \u00e8xit de les terceres Portes Obertes a CreaNova!"}]},{"@type":"WebSite","@id":"https:\/\/creanovaschool.com\/#website","url":"https:\/\/creanovaschool.com\/","name":"CreaNova School","description":"Learning by doing private school in Barcelona","publisher":{"@id":"https:\/\/creanovaschool.com\/#organization"},"potentialAction":[{"@type":"SearchAction","target":{"@type":"EntryPoint","urlTemplate":"https:\/\/creanovaschool.com\/?s={search_term_string}"},"query-input":{"@type":"PropertyValueSpecification","valueRequired":true,"valueName":"search_term_string"}}],"inLanguage":"ca"},{"@type":"Organization","@id":"https:\/\/creanovaschool.com\/#organization","name":"CreaNova School","url":"https:\/\/creanovaschool.com\/","logo":{"@type":"ImageObject","inLanguage":"ca","@id":"https:\/\/creanovaschool.com\/#\/schema\/logo\/image\/","url":"https:\/\/creanovaschool.com\/wp-content\/uploads\/2024\/07\/Logo_Creanova_claim.png","contentUrl":"https:\/\/creanovaschool.com\/wp-content\/uploads\/2024\/07\/Logo_Creanova_claim.png","width":2909,"height":960,"caption":"CreaNova School"},"image":{"@id":"https:\/\/creanovaschool.com\/#\/schema\/logo\/image\/"},"sameAs":["https:\/\/www.facebook.com\/collegi.creanova","https:\/\/x.com\/CollegiCreaNova","https:\/\/www.instagram.com\/collegicreanova\/","https:\/\/www.pinterest.com\/collegiCreaNova\/","https:\/\/www.youtube.com\/channel\/UCNAWIuULmSWS1gnVCYmnIIw"]},{"@type":"Person","@id":"https:\/\/creanovaschool.com\/#\/schema\/person\/76233ea477e705c16ea3af835fec0f15","name":"Silvia Ben\u00edtez","url":"https:\/\/creanovaschool.com\/ca\/author\/silvia-benitez\/"}]}},"_links":{"self":[{"href":"https:\/\/creanovaschool.com\/ca\/wp-json\/wp\/v2\/posts\/16366","targetHints":{"allow":["GET"]}}],"collection":[{"href":"https:\/\/creanovaschool.com\/ca\/wp-json\/wp\/v2\/posts"}],"about":[{"href":"https:\/\/creanovaschool.com\/ca\/wp-json\/wp\/v2\/types\/post"}],"author":[{"embeddable":true,"href":"https:\/\/creanovaschool.com\/ca\/wp-json\/wp\/v2\/users\/8"}],"replies":[{"embeddable":true,"href":"https:\/\/creanovaschool.com\/ca\/wp-json\/wp\/v2\/comments?post=16366"}],"version-history":[{"count":1,"href":"https:\/\/creanovaschool.com\/ca\/wp-json\/wp\/v2\/posts\/16366\/revisions"}],"predecessor-version":[{"id":16368,"href":"https:\/\/creanovaschool.com\/ca\/wp-json\/wp\/v2\/posts\/16366\/revisions\/16368"}],"wp:featuredmedia":[{"embeddable":true,"href":"https:\/\/creanovaschool.com\/ca\/wp-json\/wp\/v2\/media\/16364"}],"wp:attachment":[{"href":"https:\/\/creanovaschool.com\/ca\/wp-json\/wp\/v2\/media?parent=16366"}],"wp:term":[{"taxonomy":"category","embeddable":true,"href":"https:\/\/creanovaschool.com\/ca\/wp-json\/wp\/v2\/categories?post=16366"},{"taxonomy":"post_tag","embeddable":true,"href":"https:\/\/creanovaschool.com\/ca\/wp-json\/wp\/v2\/tags?post=16366"}],"curies":[{"name":"wp","href":"https:\/\/api.w.org\/{rel}","templated":true}]}}