{"id":16492,"date":"2022-05-25T11:25:38","date_gmt":"2022-05-25T11:25:38","guid":{"rendered":"https:\/\/creanovaschool.com\/2022\/creanova-invade-la-cerdanya\/"},"modified":"2022-05-25T11:42:39","modified_gmt":"2022-05-25T11:42:39","slug":"creanova-surrounds-la-cerdanya","status":"publish","type":"post","link":"https:\/\/creanovaschool.com\/ca\/2022\/creanova-surrounds-la-cerdanya\/","title":{"rendered":"CreaNova surrounds La Cerdanya!"},"content":{"rendered":"<p>The students of Hip\u00e0tia, Parks and Hawking, 1st and 2nd of ESO, have spent a few days in La Cerdanya being able to enjoy nice weather and surrounded by an unbeatable environment.&nbsp;<br \/>\n<!--more--><\/p>\n<p><strong>The Residential School Trip of the first cycle of Secondary have taken on an adventurous look, breaking through the paths and trails of Lles and Ar\u00e0nser.&nbsp;<\/strong><\/p>\n<p>We started practicing kayaking in the Parc del Segre (Seu d\u2019Urgell) to quickly set up our base camp in Can Ribals. After the first night, we grabbed our backpacks and headed, at a good pace and in the middle of an idyllic setting, to our goal: els Estanys de la Pera! We spent the night at the Refuge and it was all a thrill that ended with a first aid practice from the Red Cross and a great nightly farewell party!<\/p>\n<p>How many emotions in such a short time! We take this opportunity to thank the leaders and monitors of Club Elements and, above all, the dedication of our 1st year high school volunteer, Jordi and our teachers Orla, Mamen and Roger!<\/p>\n<h4>We are already willing to go for the camps next year \ud83d\ude42<\/h4>\n<p>[ngg src=\u00bbgalleries\u00bb ids=\u00bb88&#8243; display=\u00bbbasic_thumbnail\u00bb]<\/p>\n","protected":false},"excerpt":{"rendered":"<p>Els estudiants de Hip\u00e0tia, Parks i Hawking, 1r i 2n d&#039;ESO, tenen m\u00e9s feines days a la Cerdanya per a l&#039;enjoy, ni m\u00e9s ni m\u00e9s ni m\u00e9s ni m\u00e9s ni menys que durant un temps.&nbsp;<\/p>","protected":false},"author":8,"featured_media":16490,"comment_status":"closed","ping_status":"open","sticky":false,"template":"","format":"standard","meta":{"footnotes":""},"categories":[11],"tags":[1132,1231,1016],"class_list":["post-16492","post","type-post","status-publish","format-standard","has-post-thumbnail","hentry","category-sin-categorizar","tag-2022-en","tag-cerdanya-en","tag-residential-school-trip"],"yoast_head":"<!-- This site is optimized with the Yoast SEO plugin v27.5 - https:\/\/yoast.com\/product\/yoast-seo-wordpress\/ -->\n<title>CreaNova surrounds La Cerdanya!<\/title>\n<meta name=\"description\" content=\"The students of Hip\u00e0tia, Parks and Hawking, 1st and 2nd of ESO, have spent a few days in La Cerdanya being able to enjoy nice weather and surrounded by an unbeatable environment.\" \/>\n<meta name=\"robots\" content=\"index, follow, max-snippet:-1, max-image-preview:large, max-video-preview:-1\" \/>\n<link rel=\"canonical\" href=\"https:\/\/creanovaschool.com\/ca\/2022\/creanova-surrounds-la-cerdanya\/\" \/>\n<meta property=\"og:locale\" content=\"ca_ES\" \/>\n<meta property=\"og:type\" content=\"article\" \/>\n<meta property=\"og:title\" content=\"CreaNova surrounds La Cerdanya!\" \/>\n<meta property=\"og:description\" content=\"The students of Hip\u00e0tia, Parks and Hawking, 1st and 2nd of ESO, have spent a few days in La Cerdanya being able to enjoy nice weather and surrounded by an unbeatable environment.\" \/>\n<meta property=\"og:url\" content=\"https:\/\/creanovaschool.com\/ca\/2022\/creanova-surrounds-la-cerdanya\/\" \/>\n<meta property=\"og:site_name\" content=\"CreaNova School\" \/>\n<meta property=\"article:publisher\" content=\"https:\/\/www.facebook.com\/collegi.creanova\" \/>\n<meta property=\"article:published_time\" content=\"2022-05-25T11:25:38+00:00\" \/>\n<meta property=\"article:modified_time\" content=\"2022-05-25T11:42:39+00:00\" \/>\n<meta property=\"og:image\" content=\"https:\/\/creanovaschool.com\/wp-content\/uploads\/2022\/05\/colonies-secondaria-collegi-creanova-2022-preview.jpg\" \/>\n\t<meta property=\"og:image:width\" content=\"955\" \/>\n\t<meta property=\"og:image:height\" content=\"519\" \/>\n\t<meta property=\"og:image:type\" content=\"image\/jpeg\" \/>\n<meta name=\"author\" content=\"Silvia Ben\u00edtez\" \/>\n<meta name=\"twitter:card\" content=\"summary_large_image\" \/>\n<meta name=\"twitter:creator\" content=\"@CollegiCreaNova\" \/>\n<meta name=\"twitter:site\" content=\"@CollegiCreaNova\" \/>\n<meta name=\"twitter:label1\" content=\"Escrit per\" \/>\n\t<meta name=\"twitter:data1\" content=\"Silvia Ben\u00edtez\" \/>\n\t<meta name=\"twitter:label2\" content=\"Temps estimat de lectura\" \/>\n\t<meta name=\"twitter:data2\" content=\"1 minut\" \/>\n<script type=\"application\/ld+json\" class=\"yoast-schema-graph\">{\"@context\":\"https:\\\/\\\/schema.org\",\"@graph\":[{\"@type\":\"Article\",\"@id\":\"https:\\\/\\\/creanovaschool.com\\\/en\\\/2022\\\/creanova-surrounds-la-cerdanya\\\/#article\",\"isPartOf\":{\"@id\":\"https:\\\/\\\/creanovaschool.com\\\/en\\\/2022\\\/creanova-surrounds-la-cerdanya\\\/\"},\"author\":{\"name\":\"Silvia Ben\u00edtez\",\"@id\":\"https:\\\/\\\/creanovaschool.com\\\/#\\\/schema\\\/person\\\/76233ea477e705c16ea3af835fec0f15\"},\"headline\":\"CreaNova surrounds La Cerdanya!\",\"datePublished\":\"2022-05-25T11:25:38+00:00\",\"dateModified\":\"2022-05-25T11:42:39+00:00\",\"mainEntityOfPage\":{\"@id\":\"https:\\\/\\\/creanovaschool.com\\\/en\\\/2022\\\/creanova-surrounds-la-cerdanya\\\/\"},\"wordCount\":208,\"publisher\":{\"@id\":\"https:\\\/\\\/creanovaschool.com\\\/#organization\"},\"image\":{\"@id\":\"https:\\\/\\\/creanovaschool.com\\\/en\\\/2022\\\/creanova-surrounds-la-cerdanya\\\/#primaryimage\"},\"thumbnailUrl\":\"https:\\\/\\\/creanovaschool.com\\\/wp-content\\\/uploads\\\/2022\\\/05\\\/colonies-secondaria-collegi-creanova-2022-preview.jpg\",\"keywords\":[\"2022\",\"Cerdanya\",\"Residential School Trip\"],\"articleSection\":[\"Sin categorizar\"],\"inLanguage\":\"ca\"},{\"@type\":\"WebPage\",\"@id\":\"https:\\\/\\\/creanovaschool.com\\\/en\\\/2022\\\/creanova-surrounds-la-cerdanya\\\/\",\"url\":\"https:\\\/\\\/creanovaschool.com\\\/en\\\/2022\\\/creanova-surrounds-la-cerdanya\\\/\",\"name\":\"CreaNova surrounds La Cerdanya!\",\"isPartOf\":{\"@id\":\"https:\\\/\\\/creanovaschool.com\\\/#website\"},\"primaryImageOfPage\":{\"@id\":\"https:\\\/\\\/creanovaschool.com\\\/en\\\/2022\\\/creanova-surrounds-la-cerdanya\\\/#primaryimage\"},\"image\":{\"@id\":\"https:\\\/\\\/creanovaschool.com\\\/en\\\/2022\\\/creanova-surrounds-la-cerdanya\\\/#primaryimage\"},\"thumbnailUrl\":\"https:\\\/\\\/creanovaschool.com\\\/wp-content\\\/uploads\\\/2022\\\/05\\\/colonies-secondaria-collegi-creanova-2022-preview.jpg\",\"datePublished\":\"2022-05-25T11:25:38+00:00\",\"dateModified\":\"2022-05-25T11:42:39+00:00\",\"description\":\"The students of Hip\u00e0tia, Parks and Hawking, 1st and 2nd of ESO, have spent a few days in La Cerdanya being able to enjoy nice weather and surrounded by an unbeatable environment.\",\"breadcrumb\":{\"@id\":\"https:\\\/\\\/creanovaschool.com\\\/en\\\/2022\\\/creanova-surrounds-la-cerdanya\\\/#breadcrumb\"},\"inLanguage\":\"ca\",\"potentialAction\":[{\"@type\":\"ReadAction\",\"target\":[\"https:\\\/\\\/creanovaschool.com\\\/en\\\/2022\\\/creanova-surrounds-la-cerdanya\\\/\"]}]},{\"@type\":\"ImageObject\",\"inLanguage\":\"ca\",\"@id\":\"https:\\\/\\\/creanovaschool.com\\\/en\\\/2022\\\/creanova-surrounds-la-cerdanya\\\/#primaryimage\",\"url\":\"https:\\\/\\\/creanovaschool.com\\\/wp-content\\\/uploads\\\/2022\\\/05\\\/colonies-secondaria-collegi-creanova-2022-preview.jpg\",\"contentUrl\":\"https:\\\/\\\/creanovaschool.com\\\/wp-content\\\/uploads\\\/2022\\\/05\\\/colonies-secondaria-collegi-creanova-2022-preview.jpg\",\"width\":955,\"height\":519,\"caption\":\"Les col\u00f2nies a La Cerdanya\"},{\"@type\":\"BreadcrumbList\",\"@id\":\"https:\\\/\\\/creanovaschool.com\\\/en\\\/2022\\\/creanova-surrounds-la-cerdanya\\\/#breadcrumb\",\"itemListElement\":[{\"@type\":\"ListItem\",\"position\":1,\"name\":\"Portada\",\"item\":\"https:\\\/\\\/creanovaschool.com\\\/\"},{\"@type\":\"ListItem\",\"position\":2,\"name\":\"CreaNova surrounds La Cerdanya!\"}]},{\"@type\":\"WebSite\",\"@id\":\"https:\\\/\\\/creanovaschool.com\\\/#website\",\"url\":\"https:\\\/\\\/creanovaschool.com\\\/\",\"name\":\"CreaNova School\",\"description\":\"Learning by doing private school in Barcelona\",\"publisher\":{\"@id\":\"https:\\\/\\\/creanovaschool.com\\\/#organization\"},\"potentialAction\":[{\"@type\":\"SearchAction\",\"target\":{\"@type\":\"EntryPoint\",\"urlTemplate\":\"https:\\\/\\\/creanovaschool.com\\\/?s={search_term_string}\"},\"query-input\":{\"@type\":\"PropertyValueSpecification\",\"valueRequired\":true,\"valueName\":\"search_term_string\"}}],\"inLanguage\":\"ca\"},{\"@type\":\"Organization\",\"@id\":\"https:\\\/\\\/creanovaschool.com\\\/#organization\",\"name\":\"CreaNova School\",\"url\":\"https:\\\/\\\/creanovaschool.com\\\/\",\"logo\":{\"@type\":\"ImageObject\",\"inLanguage\":\"ca\",\"@id\":\"https:\\\/\\\/creanovaschool.com\\\/#\\\/schema\\\/logo\\\/image\\\/\",\"url\":\"https:\\\/\\\/creanovaschool.com\\\/wp-content\\\/uploads\\\/2024\\\/07\\\/Logo_Creanova_claim.png\",\"contentUrl\":\"https:\\\/\\\/creanovaschool.com\\\/wp-content\\\/uploads\\\/2024\\\/07\\\/Logo_Creanova_claim.png\",\"width\":2909,\"height\":960,\"caption\":\"CreaNova School\"},\"image\":{\"@id\":\"https:\\\/\\\/creanovaschool.com\\\/#\\\/schema\\\/logo\\\/image\\\/\"},\"sameAs\":[\"https:\\\/\\\/www.facebook.com\\\/collegi.creanova\",\"https:\\\/\\\/x.com\\\/CollegiCreaNova\",\"https:\\\/\\\/www.instagram.com\\\/collegicreanova\\\/\",\"https:\\\/\\\/www.pinterest.com\\\/collegiCreaNova\\\/\",\"https:\\\/\\\/www.youtube.com\\\/channel\\\/UCNAWIuULmSWS1gnVCYmnIIw\"]},{\"@type\":\"Person\",\"@id\":\"https:\\\/\\\/creanovaschool.com\\\/#\\\/schema\\\/person\\\/76233ea477e705c16ea3af835fec0f15\",\"name\":\"Silvia Ben\u00edtez\",\"url\":\"https:\\\/\\\/creanovaschool.com\\\/ca\\\/author\\\/silvia-benitez\\\/\"}]}<\/script>\n<!-- \/ Yoast SEO plugin. -->","yoast_head_json":{"title":"CreaNova surrounds La Cerdanya!","description":"Els estudiants de Hip\u00e0tia, Parks i Hawking, 1r i 2n d&#039;ESO, tenen m\u00e9s feines days a la Cerdanya per a l&#039;enjoy, ni m\u00e9s ni m\u00e9s ni m\u00e9s ni m\u00e9s ni menys que durant un temps.","robots":{"index":"index","follow":"follow","max-snippet":"max-snippet:-1","max-image-preview":"max-image-preview:large","max-video-preview":"max-video-preview:-1"},"canonical":"https:\/\/creanovaschool.com\/ca\/2022\/creanova-surrounds-la-cerdanya\/","og_locale":"ca_ES","og_type":"article","og_title":"CreaNova surrounds La Cerdanya!","og_description":"The students of Hip\u00e0tia, Parks and Hawking, 1st and 2nd of ESO, have spent a few days in La Cerdanya being able to enjoy nice weather and surrounded by an unbeatable environment.","og_url":"https:\/\/creanovaschool.com\/ca\/2022\/creanova-surrounds-la-cerdanya\/","og_site_name":"CreaNova School","article_publisher":"https:\/\/www.facebook.com\/collegi.creanova","article_published_time":"2022-05-25T11:25:38+00:00","article_modified_time":"2022-05-25T11:42:39+00:00","og_image":[{"width":955,"height":519,"url":"https:\/\/creanovaschool.com\/wp-content\/uploads\/2022\/05\/colonies-secondaria-collegi-creanova-2022-preview.jpg","type":"image\/jpeg"}],"author":"Silvia Ben\u00edtez","twitter_card":"summary_large_image","twitter_creator":"@CollegiCreaNova","twitter_site":"@CollegiCreaNova","twitter_misc":{"Escrit per":"Silvia Ben\u00edtez","Temps estimat de lectura":"1 minut"},"schema":{"@context":"https:\/\/schema.org","@graph":[{"@type":"Article","@id":"https:\/\/creanovaschool.com\/en\/2022\/creanova-surrounds-la-cerdanya\/#article","isPartOf":{"@id":"https:\/\/creanovaschool.com\/en\/2022\/creanova-surrounds-la-cerdanya\/"},"author":{"name":"Silvia Ben\u00edtez","@id":"https:\/\/creanovaschool.com\/#\/schema\/person\/76233ea477e705c16ea3af835fec0f15"},"headline":"CreaNova surrounds La Cerdanya!","datePublished":"2022-05-25T11:25:38+00:00","dateModified":"2022-05-25T11:42:39+00:00","mainEntityOfPage":{"@id":"https:\/\/creanovaschool.com\/en\/2022\/creanova-surrounds-la-cerdanya\/"},"wordCount":208,"publisher":{"@id":"https:\/\/creanovaschool.com\/#organization"},"image":{"@id":"https:\/\/creanovaschool.com\/en\/2022\/creanova-surrounds-la-cerdanya\/#primaryimage"},"thumbnailUrl":"https:\/\/creanovaschool.com\/wp-content\/uploads\/2022\/05\/colonies-secondaria-collegi-creanova-2022-preview.jpg","keywords":["2022","Cerdanya","Residential School Trip"],"articleSection":["Sin categorizar"],"inLanguage":"ca"},{"@type":"WebPage","@id":"https:\/\/creanovaschool.com\/en\/2022\/creanova-surrounds-la-cerdanya\/","url":"https:\/\/creanovaschool.com\/en\/2022\/creanova-surrounds-la-cerdanya\/","name":"CreaNova surrounds La Cerdanya!","isPartOf":{"@id":"https:\/\/creanovaschool.com\/#website"},"primaryImageOfPage":{"@id":"https:\/\/creanovaschool.com\/en\/2022\/creanova-surrounds-la-cerdanya\/#primaryimage"},"image":{"@id":"https:\/\/creanovaschool.com\/en\/2022\/creanova-surrounds-la-cerdanya\/#primaryimage"},"thumbnailUrl":"https:\/\/creanovaschool.com\/wp-content\/uploads\/2022\/05\/colonies-secondaria-collegi-creanova-2022-preview.jpg","datePublished":"2022-05-25T11:25:38+00:00","dateModified":"2022-05-25T11:42:39+00:00","description":"Els estudiants de Hip\u00e0tia, Parks i Hawking, 1r i 2n d&#039;ESO, tenen m\u00e9s feines days a la Cerdanya per a l&#039;enjoy, ni m\u00e9s ni m\u00e9s ni m\u00e9s ni m\u00e9s ni menys que durant un temps.","breadcrumb":{"@id":"https:\/\/creanovaschool.com\/en\/2022\/creanova-surrounds-la-cerdanya\/#breadcrumb"},"inLanguage":"ca","potentialAction":[{"@type":"ReadAction","target":["https:\/\/creanovaschool.com\/en\/2022\/creanova-surrounds-la-cerdanya\/"]}]},{"@type":"ImageObject","inLanguage":"ca","@id":"https:\/\/creanovaschool.com\/en\/2022\/creanova-surrounds-la-cerdanya\/#primaryimage","url":"https:\/\/creanovaschool.com\/wp-content\/uploads\/2022\/05\/colonies-secondaria-collegi-creanova-2022-preview.jpg","contentUrl":"https:\/\/creanovaschool.com\/wp-content\/uploads\/2022\/05\/colonies-secondaria-collegi-creanova-2022-preview.jpg","width":955,"height":519,"caption":"Les col\u00f2nies a La Cerdanya"},{"@type":"BreadcrumbList","@id":"https:\/\/creanovaschool.com\/en\/2022\/creanova-surrounds-la-cerdanya\/#breadcrumb","itemListElement":[{"@type":"ListItem","position":1,"name":"Portada","item":"https:\/\/creanovaschool.com\/"},{"@type":"ListItem","position":2,"name":"CreaNova surrounds La Cerdanya!"}]},{"@type":"WebSite","@id":"https:\/\/creanovaschool.com\/#website","url":"https:\/\/creanovaschool.com\/","name":"CreaNova School","description":"Learning by doing private school in Barcelona","publisher":{"@id":"https:\/\/creanovaschool.com\/#organization"},"potentialAction":[{"@type":"SearchAction","target":{"@type":"EntryPoint","urlTemplate":"https:\/\/creanovaschool.com\/?s={search_term_string}"},"query-input":{"@type":"PropertyValueSpecification","valueRequired":true,"valueName":"search_term_string"}}],"inLanguage":"ca"},{"@type":"Organization","@id":"https:\/\/creanovaschool.com\/#organization","name":"CreaNova School","url":"https:\/\/creanovaschool.com\/","logo":{"@type":"ImageObject","inLanguage":"ca","@id":"https:\/\/creanovaschool.com\/#\/schema\/logo\/image\/","url":"https:\/\/creanovaschool.com\/wp-content\/uploads\/2024\/07\/Logo_Creanova_claim.png","contentUrl":"https:\/\/creanovaschool.com\/wp-content\/uploads\/2024\/07\/Logo_Creanova_claim.png","width":2909,"height":960,"caption":"CreaNova School"},"image":{"@id":"https:\/\/creanovaschool.com\/#\/schema\/logo\/image\/"},"sameAs":["https:\/\/www.facebook.com\/collegi.creanova","https:\/\/x.com\/CollegiCreaNova","https:\/\/www.instagram.com\/collegicreanova\/","https:\/\/www.pinterest.com\/collegiCreaNova\/","https:\/\/www.youtube.com\/channel\/UCNAWIuULmSWS1gnVCYmnIIw"]},{"@type":"Person","@id":"https:\/\/creanovaschool.com\/#\/schema\/person\/76233ea477e705c16ea3af835fec0f15","name":"Silvia Ben\u00edtez","url":"https:\/\/creanovaschool.com\/ca\/author\/silvia-benitez\/"}]}},"_links":{"self":[{"href":"https:\/\/creanovaschool.com\/ca\/wp-json\/wp\/v2\/posts\/16492","targetHints":{"allow":["GET"]}}],"collection":[{"href":"https:\/\/creanovaschool.com\/ca\/wp-json\/wp\/v2\/posts"}],"about":[{"href":"https:\/\/creanovaschool.com\/ca\/wp-json\/wp\/v2\/types\/post"}],"author":[{"embeddable":true,"href":"https:\/\/creanovaschool.com\/ca\/wp-json\/wp\/v2\/users\/8"}],"replies":[{"embeddable":true,"href":"https:\/\/creanovaschool.com\/ca\/wp-json\/wp\/v2\/comments?post=16492"}],"version-history":[{"count":2,"href":"https:\/\/creanovaschool.com\/ca\/wp-json\/wp\/v2\/posts\/16492\/revisions"}],"predecessor-version":[{"id":16495,"href":"https:\/\/creanovaschool.com\/ca\/wp-json\/wp\/v2\/posts\/16492\/revisions\/16495"}],"wp:featuredmedia":[{"embeddable":true,"href":"https:\/\/creanovaschool.com\/ca\/wp-json\/wp\/v2\/media\/16490"}],"wp:attachment":[{"href":"https:\/\/creanovaschool.com\/ca\/wp-json\/wp\/v2\/media?parent=16492"}],"wp:term":[{"taxonomy":"category","embeddable":true,"href":"https:\/\/creanovaschool.com\/ca\/wp-json\/wp\/v2\/categories?post=16492"},{"taxonomy":"post_tag","embeddable":true,"href":"https:\/\/creanovaschool.com\/ca\/wp-json\/wp\/v2\/tags?post=16492"}],"curies":[{"name":"wp","href":"https:\/\/api.w.org\/{rel}","templated":true}]}}