{"id":19002,"date":"2023-10-19T17:04:36","date_gmt":"2023-10-19T17:04:36","guid":{"rendered":"https:\/\/creanovaschool.com\/?p=19002"},"modified":"2024-07-23T11:25:02","modified_gmt":"2024-07-23T10:25:02","slug":"carrera-solidaria-para-la-leucemia-infantil-en-el-patio-de-creanova","status":"publish","type":"post","link":"https:\/\/creanovaschool.com\/ca\/2023\/carrera-solidaria-para-la-leucemia-infantil-en-el-patio-de-creanova\/","title":{"rendered":"Cursa solid\u00e0ria per a la leuc\u00e8mia infantil al pati de Creanova"},"content":{"rendered":"<p><img fetchpriority=\"high\" decoding=\"async\" class=\"size-medium wp-image-19003 alignright\" src=\"https:\/\/creanovaschool.com\/wp-content\/uploads\/2023\/10\/Badge-La-Vuelta-al-Cole-300x300.png\" alt=\"\" width=\"300\" height=\"300\" srcset=\"https:\/\/creanovaschool.com\/wp-content\/uploads\/2023\/10\/Badge-La-Vuelta-al-Cole-300x300.png 300w, https:\/\/creanovaschool.com\/wp-content\/uploads\/2023\/10\/Badge-La-Vuelta-al-Cole-1024x1024.png 1024w, https:\/\/creanovaschool.com\/wp-content\/uploads\/2023\/10\/Badge-La-Vuelta-al-Cole-150x150.png 150w, https:\/\/creanovaschool.com\/wp-content\/uploads\/2023\/10\/Badge-La-Vuelta-al-Cole-768x768.png 768w, https:\/\/creanovaschool.com\/wp-content\/uploads\/2023\/10\/Badge-La-Vuelta-al-Cole-570x570.png 570w, https:\/\/creanovaschool.com\/wp-content\/uploads\/2023\/10\/Badge-La-Vuelta-al-Cole-500x500.png 500w, https:\/\/creanovaschool.com\/wp-content\/uploads\/2023\/10\/Badge-La-Vuelta-al-Cole-1000x1000.png 1000w, https:\/\/creanovaschool.com\/wp-content\/uploads\/2023\/10\/Badge-La-Vuelta-al-Cole-700x700.png 700w, https:\/\/creanovaschool.com\/wp-content\/uploads\/2023\/10\/Badge-La-Vuelta-al-Cole.png 1080w\" sizes=\"(max-width: 300px) 100vw, 300px\" \/><\/p>\n<p>Cada any es diagnostica leuc\u00e8mia a 350 nenes i nens. 1 de cada 5 no aconsegueix sobreviure.<br \/>\nLa Volta al Col\u00b7le Unoentrecienmil \u00e9s el major moviment escolar contra la leuc\u00e8mia infantil.<\/p>\n<p>Des del 2015, milers de nens participen en aquesta carrera solid\u00e0ria a la seva escola per ajudar els nens amb leuc\u00e8mia, recaptant fons per a la investigaci\u00f3.<\/p>\n<p>El dia 20 d&#039;octubre correrem contra la leuc\u00e8mia infantil durant tot el mat\u00ed al Col\u00b7legi Creanova, tots els cursos per torns i fent-hi aportacions.<\/p>\n<p><a href=\"https:\/\/www.lavueltaalcole.com\/\">https:\/\/www.lavueltaalcole.com\/<\/a><\/p>\n<p><a class=\"x1i10hfl xjbqb8w x6umtig x1b1mbwd xaqea5y xav7gou x9f619 x1ypdohk xt0psk2 xe8uvvx xdj266r x11i5rnm xat24cr x1mh8g0r xexx8yu x4uap5 x18d9i69 xkhd6sd x16tdsg8 x1hl2dhg xggy1nq x1a2a7pz _aa9_ _a6hd\" tabindex=\"0\" role=\"link\" href=\"https:\/\/www.instagram.com\/explore\/tags\/novacreanova\/\">#novaCreanova<\/a>\u00a0<a class=\"x1i10hfl xjbqb8w x6umtig x1b1mbwd xaqea5y xav7gou x9f619 x1ypdohk xt0psk2 xe8uvvx xdj266r x11i5rnm xat24cr x1mh8g0r xexx8yu x4uap5 x18d9i69 xkhd6sd x16tdsg8 x1hl2dhg xggy1nq x1a2a7pz _aa9_ _a6hd\" tabindex=\"0\" role=\"link\" href=\"https:\/\/www.instagram.com\/explore\/tags\/leucemiainfantil\/\">#Leuc\u00e8miaInfantil<\/a>\u00a0<a class=\"x1i10hfl xjbqb8w x6umtig x1b1mbwd xaqea5y xav7gou x9f619 x1ypdohk xt0psk2 xe8uvvx xdj266r x11i5rnm xat24cr x1mh8g0r xexx8yu x4uap5 x18d9i69 xkhd6sd x16tdsg8 x1hl2dhg xggy1nq x1a2a7pz notranslate _a6hd\" tabindex=\"0\" role=\"link\" href=\"https:\/\/www.instagram.com\/unoentrecienmil\/\">@unoentrecienmil<\/a><\/p>","protected":false},"excerpt":{"rendered":"<p>Cada a\u00f1o se diagnostica leucemia a 350 ni\u00f1as y ni\u00f1os. 1 de cada 5 no logra sobrevivir. La Vuelta al Cole Unoentrecienmil es el mayor movimiento escolar contra la leucemia infantil. Desde 2015, miles de ni\u00f1os participan en esta carrera solidaria en su colegio para ayudar a los ni\u00f1os con leucemia, recaudando fondos para la [&hellip;]<\/p>\n","protected":false},"author":8,"featured_media":10897,"comment_status":"closed","ping_status":"open","sticky":false,"template":"","format":"standard","meta":{"footnotes":""},"categories":[317,12],"tags":[],"class_list":["post-19002","post","type-post","status-publish","format-standard","has-post-thumbnail","hentry","category-actividades","category-noticias"],"yoast_head":"<!-- This site is optimized with the Yoast SEO plugin v27.5 - https:\/\/yoast.com\/product\/yoast-seo-wordpress\/ -->\n<title>Carrera solidaria para la leucemia infantil en el patio de Creanova - CreaNova School<\/title>\n<meta name=\"description\" content=\"Carrera solidaria contra la leucemia infantil, Col.legi Creanova corre durante toda la ma\u00f1ana del d\u00eda 20 de octubre.\" \/>\n<meta name=\"robots\" content=\"index, follow, max-snippet:-1, max-image-preview:large, max-video-preview:-1\" \/>\n<link rel=\"canonical\" href=\"https:\/\/creanovaschool.com\/ca\/2023\/carrera-solidaria-para-la-leucemia-infantil-en-el-patio-de-creanova\/\" \/>\n<meta property=\"og:locale\" content=\"ca_ES\" \/>\n<meta property=\"og:type\" content=\"article\" \/>\n<meta property=\"og:title\" content=\"Carrera solidaria para la leucemia infantil en el patio de Creanova - CreaNova School\" \/>\n<meta property=\"og:description\" content=\"Carrera solidaria contra la leucemia infantil, Col.legi Creanova corre durante toda la ma\u00f1ana del d\u00eda 20 de octubre.\" \/>\n<meta property=\"og:url\" content=\"https:\/\/creanovaschool.com\/ca\/2023\/carrera-solidaria-para-la-leucemia-infantil-en-el-patio-de-creanova\/\" \/>\n<meta property=\"og:site_name\" content=\"CreaNova School\" \/>\n<meta property=\"article:publisher\" content=\"https:\/\/www.facebook.com\/collegi.creanova\" \/>\n<meta property=\"article:published_time\" content=\"2023-10-19T17:04:36+00:00\" \/>\n<meta property=\"article:modified_time\" content=\"2024-07-23T10:25:02+00:00\" \/>\n<meta property=\"og:image\" content=\"https:\/\/creanovaschool.com\/wp-content\/uploads\/2021\/01\/campanyes-solidaries-collegi-creanova-2021-preview.jpg\" \/>\n\t<meta property=\"og:image:width\" content=\"955\" \/>\n\t<meta property=\"og:image:height\" content=\"519\" \/>\n\t<meta property=\"og:image:type\" content=\"image\/jpeg\" \/>\n<meta name=\"author\" content=\"Silvia Ben\u00edtez\" \/>\n<meta name=\"twitter:card\" content=\"summary_large_image\" \/>\n<meta name=\"twitter:creator\" content=\"@CollegiCreaNova\" \/>\n<meta name=\"twitter:site\" content=\"@CollegiCreaNova\" \/>\n<meta name=\"twitter:label1\" content=\"Escrit per\" \/>\n\t<meta name=\"twitter:data1\" content=\"Silvia Ben\u00edtez\" \/>\n\t<meta name=\"twitter:label2\" content=\"Temps estimat de lectura\" \/>\n\t<meta name=\"twitter:data2\" content=\"1 minut\" \/>\n<script type=\"application\/ld+json\" class=\"yoast-schema-graph\">{\"@context\":\"https:\\\/\\\/schema.org\",\"@graph\":[{\"@type\":\"Article\",\"@id\":\"https:\\\/\\\/creanovaschool.com\\\/2023\\\/carrera-solidaria-para-la-leucemia-infantil-en-el-patio-de-creanova\\\/#article\",\"isPartOf\":{\"@id\":\"https:\\\/\\\/creanovaschool.com\\\/2023\\\/carrera-solidaria-para-la-leucemia-infantil-en-el-patio-de-creanova\\\/\"},\"author\":{\"name\":\"Silvia Ben\u00edtez\",\"@id\":\"https:\\\/\\\/creanovaschool.com\\\/#\\\/schema\\\/person\\\/76233ea477e705c16ea3af835fec0f15\"},\"headline\":\"Carrera solidaria para la leucemia infantil en el patio de Creanova\",\"datePublished\":\"2023-10-19T17:04:36+00:00\",\"dateModified\":\"2024-07-23T10:25:02+00:00\",\"mainEntityOfPage\":{\"@id\":\"https:\\\/\\\/creanovaschool.com\\\/2023\\\/carrera-solidaria-para-la-leucemia-infantil-en-el-patio-de-creanova\\\/\"},\"wordCount\":104,\"publisher\":{\"@id\":\"https:\\\/\\\/creanovaschool.com\\\/#organization\"},\"image\":{\"@id\":\"https:\\\/\\\/creanovaschool.com\\\/2023\\\/carrera-solidaria-para-la-leucemia-infantil-en-el-patio-de-creanova\\\/#primaryimage\"},\"thumbnailUrl\":\"https:\\\/\\\/creanovaschool.com\\\/wp-content\\\/uploads\\\/2021\\\/01\\\/campanyes-solidaries-collegi-creanova-2021-preview.jpg\",\"articleSection\":[\"Actividades\",\"Noticias\"],\"inLanguage\":\"ca\"},{\"@type\":\"WebPage\",\"@id\":\"https:\\\/\\\/creanovaschool.com\\\/2023\\\/carrera-solidaria-para-la-leucemia-infantil-en-el-patio-de-creanova\\\/\",\"url\":\"https:\\\/\\\/creanovaschool.com\\\/2023\\\/carrera-solidaria-para-la-leucemia-infantil-en-el-patio-de-creanova\\\/\",\"name\":\"Carrera solidaria para la leucemia infantil en el patio de Creanova - CreaNova School\",\"isPartOf\":{\"@id\":\"https:\\\/\\\/creanovaschool.com\\\/#website\"},\"primaryImageOfPage\":{\"@id\":\"https:\\\/\\\/creanovaschool.com\\\/2023\\\/carrera-solidaria-para-la-leucemia-infantil-en-el-patio-de-creanova\\\/#primaryimage\"},\"image\":{\"@id\":\"https:\\\/\\\/creanovaschool.com\\\/2023\\\/carrera-solidaria-para-la-leucemia-infantil-en-el-patio-de-creanova\\\/#primaryimage\"},\"thumbnailUrl\":\"https:\\\/\\\/creanovaschool.com\\\/wp-content\\\/uploads\\\/2021\\\/01\\\/campanyes-solidaries-collegi-creanova-2021-preview.jpg\",\"datePublished\":\"2023-10-19T17:04:36+00:00\",\"dateModified\":\"2024-07-23T10:25:02+00:00\",\"description\":\"Carrera solidaria contra la leucemia infantil, Col.legi Creanova corre durante toda la ma\u00f1ana del d\u00eda 20 de octubre.\",\"breadcrumb\":{\"@id\":\"https:\\\/\\\/creanovaschool.com\\\/2023\\\/carrera-solidaria-para-la-leucemia-infantil-en-el-patio-de-creanova\\\/#breadcrumb\"},\"inLanguage\":\"ca\",\"potentialAction\":[{\"@type\":\"ReadAction\",\"target\":[\"https:\\\/\\\/creanovaschool.com\\\/2023\\\/carrera-solidaria-para-la-leucemia-infantil-en-el-patio-de-creanova\\\/\"]}]},{\"@type\":\"ImageObject\",\"inLanguage\":\"ca\",\"@id\":\"https:\\\/\\\/creanovaschool.com\\\/2023\\\/carrera-solidaria-para-la-leucemia-infantil-en-el-patio-de-creanova\\\/#primaryimage\",\"url\":\"https:\\\/\\\/creanovaschool.com\\\/wp-content\\\/uploads\\\/2021\\\/01\\\/campanyes-solidaries-collegi-creanova-2021-preview.jpg\",\"contentUrl\":\"https:\\\/\\\/creanovaschool.com\\\/wp-content\\\/uploads\\\/2021\\\/01\\\/campanyes-solidaries-collegi-creanova-2021-preview.jpg\",\"width\":955,\"height\":519,\"caption\":\"- 2021 - Col\u00b7legi CreaNova - learning by doing - Sant Cugat del Vall\u00e8s - Barcelona\"},{\"@type\":\"BreadcrumbList\",\"@id\":\"https:\\\/\\\/creanovaschool.com\\\/2023\\\/carrera-solidaria-para-la-leucemia-infantil-en-el-patio-de-creanova\\\/#breadcrumb\",\"itemListElement\":[{\"@type\":\"ListItem\",\"position\":1,\"name\":\"Portada\",\"item\":\"https:\\\/\\\/creanovaschool.com\\\/\"},{\"@type\":\"ListItem\",\"position\":2,\"name\":\"Carrera solidaria para la leucemia infantil en el patio de Creanova\"}]},{\"@type\":\"WebSite\",\"@id\":\"https:\\\/\\\/creanovaschool.com\\\/#website\",\"url\":\"https:\\\/\\\/creanovaschool.com\\\/\",\"name\":\"CreaNova School\",\"description\":\"Learning by doing private school in Barcelona\",\"publisher\":{\"@id\":\"https:\\\/\\\/creanovaschool.com\\\/#organization\"},\"potentialAction\":[{\"@type\":\"SearchAction\",\"target\":{\"@type\":\"EntryPoint\",\"urlTemplate\":\"https:\\\/\\\/creanovaschool.com\\\/?s={search_term_string}\"},\"query-input\":{\"@type\":\"PropertyValueSpecification\",\"valueRequired\":true,\"valueName\":\"search_term_string\"}}],\"inLanguage\":\"ca\"},{\"@type\":\"Organization\",\"@id\":\"https:\\\/\\\/creanovaschool.com\\\/#organization\",\"name\":\"CreaNova School\",\"url\":\"https:\\\/\\\/creanovaschool.com\\\/\",\"logo\":{\"@type\":\"ImageObject\",\"inLanguage\":\"ca\",\"@id\":\"https:\\\/\\\/creanovaschool.com\\\/#\\\/schema\\\/logo\\\/image\\\/\",\"url\":\"https:\\\/\\\/creanovaschool.com\\\/wp-content\\\/uploads\\\/2024\\\/07\\\/Logo_Creanova_claim.png\",\"contentUrl\":\"https:\\\/\\\/creanovaschool.com\\\/wp-content\\\/uploads\\\/2024\\\/07\\\/Logo_Creanova_claim.png\",\"width\":2909,\"height\":960,\"caption\":\"CreaNova School\"},\"image\":{\"@id\":\"https:\\\/\\\/creanovaschool.com\\\/#\\\/schema\\\/logo\\\/image\\\/\"},\"sameAs\":[\"https:\\\/\\\/www.facebook.com\\\/collegi.creanova\",\"https:\\\/\\\/x.com\\\/CollegiCreaNova\",\"https:\\\/\\\/www.instagram.com\\\/collegicreanova\\\/\",\"https:\\\/\\\/www.pinterest.com\\\/collegiCreaNova\\\/\",\"https:\\\/\\\/www.youtube.com\\\/channel\\\/UCNAWIuULmSWS1gnVCYmnIIw\"]},{\"@type\":\"Person\",\"@id\":\"https:\\\/\\\/creanovaschool.com\\\/#\\\/schema\\\/person\\\/76233ea477e705c16ea3af835fec0f15\",\"name\":\"Silvia Ben\u00edtez\",\"url\":\"https:\\\/\\\/creanovaschool.com\\\/ca\\\/author\\\/silvia-benitez\\\/\"}]}<\/script>\n<!-- \/ Yoast SEO plugin. -->","yoast_head_json":{"title":"Cursa solid\u00e0ria per a la leuc\u00e8mia infantil al pati de Creanova - CreaNova School","description":"Cursa solid\u00e0ria contra la leuc\u00e8mia infantil, Col\u00b7legi Creanova corre durant tot el mat\u00ed del dia 20 d&#039;octubre.","robots":{"index":"index","follow":"follow","max-snippet":"max-snippet:-1","max-image-preview":"max-image-preview:large","max-video-preview":"max-video-preview:-1"},"canonical":"https:\/\/creanovaschool.com\/ca\/2023\/carrera-solidaria-para-la-leucemia-infantil-en-el-patio-de-creanova\/","og_locale":"ca_ES","og_type":"article","og_title":"Carrera solidaria para la leucemia infantil en el patio de Creanova - CreaNova School","og_description":"Carrera solidaria contra la leucemia infantil, Col.legi Creanova corre durante toda la ma\u00f1ana del d\u00eda 20 de octubre.","og_url":"https:\/\/creanovaschool.com\/ca\/2023\/carrera-solidaria-para-la-leucemia-infantil-en-el-patio-de-creanova\/","og_site_name":"CreaNova School","article_publisher":"https:\/\/www.facebook.com\/collegi.creanova","article_published_time":"2023-10-19T17:04:36+00:00","article_modified_time":"2024-07-23T10:25:02+00:00","og_image":[{"width":955,"height":519,"url":"https:\/\/creanovaschool.com\/wp-content\/uploads\/2021\/01\/campanyes-solidaries-collegi-creanova-2021-preview.jpg","type":"image\/jpeg"}],"author":"Silvia Ben\u00edtez","twitter_card":"summary_large_image","twitter_creator":"@CollegiCreaNova","twitter_site":"@CollegiCreaNova","twitter_misc":{"Escrit per":"Silvia Ben\u00edtez","Temps estimat de lectura":"1 minut"},"schema":{"@context":"https:\/\/schema.org","@graph":[{"@type":"Article","@id":"https:\/\/creanovaschool.com\/2023\/carrera-solidaria-para-la-leucemia-infantil-en-el-patio-de-creanova\/#article","isPartOf":{"@id":"https:\/\/creanovaschool.com\/2023\/carrera-solidaria-para-la-leucemia-infantil-en-el-patio-de-creanova\/"},"author":{"name":"Silvia Ben\u00edtez","@id":"https:\/\/creanovaschool.com\/#\/schema\/person\/76233ea477e705c16ea3af835fec0f15"},"headline":"Carrera solidaria para la leucemia infantil en el patio de Creanova","datePublished":"2023-10-19T17:04:36+00:00","dateModified":"2024-07-23T10:25:02+00:00","mainEntityOfPage":{"@id":"https:\/\/creanovaschool.com\/2023\/carrera-solidaria-para-la-leucemia-infantil-en-el-patio-de-creanova\/"},"wordCount":104,"publisher":{"@id":"https:\/\/creanovaschool.com\/#organization"},"image":{"@id":"https:\/\/creanovaschool.com\/2023\/carrera-solidaria-para-la-leucemia-infantil-en-el-patio-de-creanova\/#primaryimage"},"thumbnailUrl":"https:\/\/creanovaschool.com\/wp-content\/uploads\/2021\/01\/campanyes-solidaries-collegi-creanova-2021-preview.jpg","articleSection":["Actividades","Noticias"],"inLanguage":"ca"},{"@type":"WebPage","@id":"https:\/\/creanovaschool.com\/2023\/carrera-solidaria-para-la-leucemia-infantil-en-el-patio-de-creanova\/","url":"https:\/\/creanovaschool.com\/2023\/carrera-solidaria-para-la-leucemia-infantil-en-el-patio-de-creanova\/","name":"Cursa solid\u00e0ria per a la leuc\u00e8mia infantil al pati de Creanova - CreaNova School","isPartOf":{"@id":"https:\/\/creanovaschool.com\/#website"},"primaryImageOfPage":{"@id":"https:\/\/creanovaschool.com\/2023\/carrera-solidaria-para-la-leucemia-infantil-en-el-patio-de-creanova\/#primaryimage"},"image":{"@id":"https:\/\/creanovaschool.com\/2023\/carrera-solidaria-para-la-leucemia-infantil-en-el-patio-de-creanova\/#primaryimage"},"thumbnailUrl":"https:\/\/creanovaschool.com\/wp-content\/uploads\/2021\/01\/campanyes-solidaries-collegi-creanova-2021-preview.jpg","datePublished":"2023-10-19T17:04:36+00:00","dateModified":"2024-07-23T10:25:02+00:00","description":"Cursa solid\u00e0ria contra la leuc\u00e8mia infantil, Col\u00b7legi Creanova corre durant tot el mat\u00ed del dia 20 d&#039;octubre.","breadcrumb":{"@id":"https:\/\/creanovaschool.com\/2023\/carrera-solidaria-para-la-leucemia-infantil-en-el-patio-de-creanova\/#breadcrumb"},"inLanguage":"ca","potentialAction":[{"@type":"ReadAction","target":["https:\/\/creanovaschool.com\/2023\/carrera-solidaria-para-la-leucemia-infantil-en-el-patio-de-creanova\/"]}]},{"@type":"ImageObject","inLanguage":"ca","@id":"https:\/\/creanovaschool.com\/2023\/carrera-solidaria-para-la-leucemia-infantil-en-el-patio-de-creanova\/#primaryimage","url":"https:\/\/creanovaschool.com\/wp-content\/uploads\/2021\/01\/campanyes-solidaries-collegi-creanova-2021-preview.jpg","contentUrl":"https:\/\/creanovaschool.com\/wp-content\/uploads\/2021\/01\/campanyes-solidaries-collegi-creanova-2021-preview.jpg","width":955,"height":519,"caption":"- 2021 - Col\u00b7legi CreaNova - learning by doing - Sant Cugat del Vall\u00e8s - Barcelona"},{"@type":"BreadcrumbList","@id":"https:\/\/creanovaschool.com\/2023\/carrera-solidaria-para-la-leucemia-infantil-en-el-patio-de-creanova\/#breadcrumb","itemListElement":[{"@type":"ListItem","position":1,"name":"Portada","item":"https:\/\/creanovaschool.com\/"},{"@type":"ListItem","position":2,"name":"Carrera solidaria para la leucemia infantil en el patio de Creanova"}]},{"@type":"WebSite","@id":"https:\/\/creanovaschool.com\/#website","url":"https:\/\/creanovaschool.com\/","name":"CreaNova School","description":"Learning by doing private school in Barcelona","publisher":{"@id":"https:\/\/creanovaschool.com\/#organization"},"potentialAction":[{"@type":"SearchAction","target":{"@type":"EntryPoint","urlTemplate":"https:\/\/creanovaschool.com\/?s={search_term_string}"},"query-input":{"@type":"PropertyValueSpecification","valueRequired":true,"valueName":"search_term_string"}}],"inLanguage":"ca"},{"@type":"Organization","@id":"https:\/\/creanovaschool.com\/#organization","name":"CreaNova School","url":"https:\/\/creanovaschool.com\/","logo":{"@type":"ImageObject","inLanguage":"ca","@id":"https:\/\/creanovaschool.com\/#\/schema\/logo\/image\/","url":"https:\/\/creanovaschool.com\/wp-content\/uploads\/2024\/07\/Logo_Creanova_claim.png","contentUrl":"https:\/\/creanovaschool.com\/wp-content\/uploads\/2024\/07\/Logo_Creanova_claim.png","width":2909,"height":960,"caption":"CreaNova School"},"image":{"@id":"https:\/\/creanovaschool.com\/#\/schema\/logo\/image\/"},"sameAs":["https:\/\/www.facebook.com\/collegi.creanova","https:\/\/x.com\/CollegiCreaNova","https:\/\/www.instagram.com\/collegicreanova\/","https:\/\/www.pinterest.com\/collegiCreaNova\/","https:\/\/www.youtube.com\/channel\/UCNAWIuULmSWS1gnVCYmnIIw"]},{"@type":"Person","@id":"https:\/\/creanovaschool.com\/#\/schema\/person\/76233ea477e705c16ea3af835fec0f15","name":"Silvia Ben\u00edtez","url":"https:\/\/creanovaschool.com\/ca\/author\/silvia-benitez\/"}]}},"_links":{"self":[{"href":"https:\/\/creanovaschool.com\/ca\/wp-json\/wp\/v2\/posts\/19002","targetHints":{"allow":["GET"]}}],"collection":[{"href":"https:\/\/creanovaschool.com\/ca\/wp-json\/wp\/v2\/posts"}],"about":[{"href":"https:\/\/creanovaschool.com\/ca\/wp-json\/wp\/v2\/types\/post"}],"author":[{"embeddable":true,"href":"https:\/\/creanovaschool.com\/ca\/wp-json\/wp\/v2\/users\/8"}],"replies":[{"embeddable":true,"href":"https:\/\/creanovaschool.com\/ca\/wp-json\/wp\/v2\/comments?post=19002"}],"version-history":[{"count":6,"href":"https:\/\/creanovaschool.com\/ca\/wp-json\/wp\/v2\/posts\/19002\/revisions"}],"predecessor-version":[{"id":20250,"href":"https:\/\/creanovaschool.com\/ca\/wp-json\/wp\/v2\/posts\/19002\/revisions\/20250"}],"wp:featuredmedia":[{"embeddable":true,"href":"https:\/\/creanovaschool.com\/ca\/wp-json\/wp\/v2\/media\/10897"}],"wp:attachment":[{"href":"https:\/\/creanovaschool.com\/ca\/wp-json\/wp\/v2\/media?parent=19002"}],"wp:term":[{"taxonomy":"category","embeddable":true,"href":"https:\/\/creanovaschool.com\/ca\/wp-json\/wp\/v2\/categories?post=19002"},{"taxonomy":"post_tag","embeddable":true,"href":"https:\/\/creanovaschool.com\/ca\/wp-json\/wp\/v2\/tags?post=19002"}],"curies":[{"name":"wp","href":"https:\/\/api.w.org\/{rel}","templated":true}]}}