{"id":24166,"date":"2024-12-04T21:50:26","date_gmt":"2024-12-04T20:50:26","guid":{"rendered":"https:\/\/creanovaschool.com\/?p=24166"},"modified":"2024-12-04T21:50:26","modified_gmt":"2024-12-04T20:50:26","slug":"middle-una-fase-de-transicio","status":"publish","type":"post","link":"https:\/\/creanovaschool.com\/ca\/2024\/middle-una-fase-de-transicio\/","title":{"rendered":"Middle: una fase de transici\u00f3"},"content":{"rendered":"<p><em>Per Moya Butxon<\/em><br><em>Coordinadora d&#039;Elementary i Middle a CreaNova School<\/em><\/p>\n\n\n\n<p>La nostra etapa Middle, que inclou el final dels anys d&#039;Elementary (5\u00e8 i 6\u00e8 de Prim\u00e0ria) i l&#039;inici de l&#039;Educaci\u00f3 secund\u00e0ria (1r d&#039;ESO), est\u00e0 ben organitzada per garantir que la transici\u00f3 sigui el m\u00e9s natural possible per als nostres alumnes.<\/p>\n\n\n\n<p>Durant aquesta etapa, els alumnes experimenten molts canvis, i el nostre objectiu principal \u00e9s acompanyar-los en aquesta fase tan especial. Com a preadolescents, poden ser especialment fr\u00e0gils socialment i emocionalment, tamb\u00e9 en relaci\u00f3 amb els canvis f\u00edsics que hi viuen. Prestem una atenci\u00f3 espec\u00edfica a aquesta part del seu desenvolupament mitjan\u00e7ant l&#039;observaci\u00f3, l&#039;escorta activa i moments espec\u00edfics on els nostres alumnes poden expressar les seves preocupacions, inquietuts, idees i suggeriments de millora.<\/p>\n\n\n\n<p>Els alumnes participin en tallers interessants i atractius que es connectin amb la realitat del m\u00f3n que els envolta. Desenvolupin habilitats comunicatives aix\u00ed com iniciativa emprenedora i coneixements diversos. Les arts es treballen a trav\u00e9s de la m\u00fasica, l&#039;art i tallers creatius, que s&#039;amplien i es tornen m\u00e9s espec\u00edfics i especialitzats a mesura que creixen.<\/p>\n\n\n\n<p>Se&#039;ls atorga cada cop m\u00e9s responsabilitats i autonomia. Aprenen a gestionar el seu temps ia ser m\u00e9s eficients durant els tallers.<\/p>\n\n\n\n<p>Es posa un gran \u00e8mfasi a desenvolupar la capacitat d&#039;expressar-se verbalment i d&#039;utilitzar el pensament cr\u00edtic i les habilitats de resoluci\u00f3 de problemes.<\/p>\n\n\n\n<p>Els alumnes m\u00e9s grans d&#039;aquesta etapa s\u00f3n introdu\u00efts a nous tallers que formen part de l&#039;etapa High, per tal que s&#039;hi vagin integrant progressivament a les noves din\u00e0miques.<\/p>\n\n\n\n<p>Tot i aix\u00f2, els grups de Middle comparteixen diversos moments, com sortides, excursions amb estades i tallers especials.<\/p>\n\n\n\n<p>El factor m\u00e9s important continua sent l&#039;atenci\u00f3 i el suport individualitzat que reben dels seus tutors i professors.<\/p>","protected":false},"excerpt":{"rendered":"<p>Per Moya ButxonCoordinadora de Elementary i Middle en CreaNova School La nostra etapa Middle, que compr\u00e8n el final dels anys d\u2019Elementary (5\u00e8 i 6\u00e8 de Prim\u00e0ria) i l\u2019inici de l\u2019Educaci\u00f3 secund\u00e0ria (1r d\u2019ESO), est\u00e0 acuradament organitzada per garantir que la transici\u00f3 sigui el m\u00e9s natural possible per als nostres alumnes. Durant aquesta etapa, els alumnes [&hellip;]<\/p>\n","protected":false},"author":3,"featured_media":0,"comment_status":"closed","ping_status":"closed","sticky":false,"template":"","format":"standard","meta":{"footnotes":""},"categories":[1537],"tags":[1552],"class_list":["post-24166","post","type-post","status-publish","format-standard","hentry","category-revista","tag-r2-p11-cat"],"yoast_head":"<!-- This site is optimized with the Yoast SEO plugin v27.5 - https:\/\/yoast.com\/product\/yoast-seo-wordpress\/ -->\n<title>Middle: una fase de transici\u00f3 - CreaNova School<\/title>\n<meta name=\"robots\" content=\"index, follow, max-snippet:-1, max-image-preview:large, max-video-preview:-1\" \/>\n<link rel=\"canonical\" href=\"https:\/\/creanovaschool.com\/ca\/2024\/middle-una-fase-de-transicio\/\" \/>\n<meta property=\"og:locale\" content=\"ca_ES\" \/>\n<meta property=\"og:type\" content=\"article\" \/>\n<meta property=\"og:title\" content=\"Middle: una fase de transici\u00f3 - CreaNova School\" \/>\n<meta property=\"og:description\" content=\"Per Moya ButxonCoordinadora de Elementary i Middle en CreaNova School La nostra etapa Middle, que compr\u00e8n el final dels anys d\u2019Elementary (5\u00e8 i 6\u00e8 de Prim\u00e0ria) i l\u2019inici de l\u2019Educaci\u00f3 secund\u00e0ria (1r d\u2019ESO), est\u00e0 acuradament organitzada per garantir que la transici\u00f3 sigui el m\u00e9s natural possible per als nostres alumnes. Durant aquesta etapa, els alumnes [&hellip;]\" \/>\n<meta property=\"og:url\" content=\"https:\/\/creanovaschool.com\/ca\/2024\/middle-una-fase-de-transicio\/\" \/>\n<meta property=\"og:site_name\" content=\"CreaNova School\" \/>\n<meta property=\"article:publisher\" content=\"https:\/\/www.facebook.com\/collegi.creanova\" \/>\n<meta property=\"article:published_time\" content=\"2024-12-04T20:50:26+00:00\" \/>\n<meta name=\"author\" content=\"EMAS\" \/>\n<meta name=\"twitter:card\" content=\"summary_large_image\" \/>\n<meta name=\"twitter:creator\" content=\"@CollegiCreaNova\" \/>\n<meta name=\"twitter:site\" content=\"@CollegiCreaNova\" \/>\n<meta name=\"twitter:label1\" content=\"Escrit per\" \/>\n\t<meta name=\"twitter:data1\" content=\"EMAS\" \/>\n\t<meta name=\"twitter:label2\" content=\"Temps estimat de lectura\" \/>\n\t<meta name=\"twitter:data2\" content=\"2 minuts\" \/>\n<script type=\"application\/ld+json\" class=\"yoast-schema-graph\">{\"@context\":\"https:\\\/\\\/schema.org\",\"@graph\":[{\"@type\":\"Article\",\"@id\":\"https:\\\/\\\/creanovaschool.com\\\/2024\\\/middle-una-fase-de-transicio\\\/#article\",\"isPartOf\":{\"@id\":\"https:\\\/\\\/creanovaschool.com\\\/2024\\\/middle-una-fase-de-transicio\\\/\"},\"author\":{\"name\":\"EMAS\",\"@id\":\"https:\\\/\\\/creanovaschool.com\\\/#\\\/schema\\\/person\\\/bc31e364c1750c127046608ad51279e7\"},\"headline\":\"Middle: una fase de transici\u00f3\",\"datePublished\":\"2024-12-04T20:50:26+00:00\",\"mainEntityOfPage\":{\"@id\":\"https:\\\/\\\/creanovaschool.com\\\/2024\\\/middle-una-fase-de-transicio\\\/\"},\"wordCount\":326,\"publisher\":{\"@id\":\"https:\\\/\\\/creanovaschool.com\\\/#organization\"},\"keywords\":[\"R2-P11-CAT\"],\"articleSection\":[\"Revista\"],\"inLanguage\":\"ca\"},{\"@type\":\"WebPage\",\"@id\":\"https:\\\/\\\/creanovaschool.com\\\/2024\\\/middle-una-fase-de-transicio\\\/\",\"url\":\"https:\\\/\\\/creanovaschool.com\\\/2024\\\/middle-una-fase-de-transicio\\\/\",\"name\":\"Middle: una fase de transici\u00f3 - CreaNova School\",\"isPartOf\":{\"@id\":\"https:\\\/\\\/creanovaschool.com\\\/#website\"},\"datePublished\":\"2024-12-04T20:50:26+00:00\",\"breadcrumb\":{\"@id\":\"https:\\\/\\\/creanovaschool.com\\\/2024\\\/middle-una-fase-de-transicio\\\/#breadcrumb\"},\"inLanguage\":\"ca\",\"potentialAction\":[{\"@type\":\"ReadAction\",\"target\":[\"https:\\\/\\\/creanovaschool.com\\\/2024\\\/middle-una-fase-de-transicio\\\/\"]}]},{\"@type\":\"BreadcrumbList\",\"@id\":\"https:\\\/\\\/creanovaschool.com\\\/2024\\\/middle-una-fase-de-transicio\\\/#breadcrumb\",\"itemListElement\":[{\"@type\":\"ListItem\",\"position\":1,\"name\":\"Portada\",\"item\":\"https:\\\/\\\/creanovaschool.com\\\/\"},{\"@type\":\"ListItem\",\"position\":2,\"name\":\"Middle: una fase de transici\u00f3\"}]},{\"@type\":\"WebSite\",\"@id\":\"https:\\\/\\\/creanovaschool.com\\\/#website\",\"url\":\"https:\\\/\\\/creanovaschool.com\\\/\",\"name\":\"CreaNova School\",\"description\":\"Learning by doing private school in Barcelona\",\"publisher\":{\"@id\":\"https:\\\/\\\/creanovaschool.com\\\/#organization\"},\"potentialAction\":[{\"@type\":\"SearchAction\",\"target\":{\"@type\":\"EntryPoint\",\"urlTemplate\":\"https:\\\/\\\/creanovaschool.com\\\/?s={search_term_string}\"},\"query-input\":{\"@type\":\"PropertyValueSpecification\",\"valueRequired\":true,\"valueName\":\"search_term_string\"}}],\"inLanguage\":\"ca\"},{\"@type\":\"Organization\",\"@id\":\"https:\\\/\\\/creanovaschool.com\\\/#organization\",\"name\":\"CreaNova School\",\"url\":\"https:\\\/\\\/creanovaschool.com\\\/\",\"logo\":{\"@type\":\"ImageObject\",\"inLanguage\":\"ca\",\"@id\":\"https:\\\/\\\/creanovaschool.com\\\/#\\\/schema\\\/logo\\\/image\\\/\",\"url\":\"https:\\\/\\\/creanovaschool.com\\\/wp-content\\\/uploads\\\/2024\\\/07\\\/Logo_Creanova_claim.png\",\"contentUrl\":\"https:\\\/\\\/creanovaschool.com\\\/wp-content\\\/uploads\\\/2024\\\/07\\\/Logo_Creanova_claim.png\",\"width\":2909,\"height\":960,\"caption\":\"CreaNova School\"},\"image\":{\"@id\":\"https:\\\/\\\/creanovaschool.com\\\/#\\\/schema\\\/logo\\\/image\\\/\"},\"sameAs\":[\"https:\\\/\\\/www.facebook.com\\\/collegi.creanova\",\"https:\\\/\\\/x.com\\\/CollegiCreaNova\",\"https:\\\/\\\/www.instagram.com\\\/collegicreanova\\\/\",\"https:\\\/\\\/www.pinterest.com\\\/collegiCreaNova\\\/\",\"https:\\\/\\\/www.youtube.com\\\/channel\\\/UCNAWIuULmSWS1gnVCYmnIIw\"]},{\"@type\":\"Person\",\"@id\":\"https:\\\/\\\/creanovaschool.com\\\/#\\\/schema\\\/person\\\/bc31e364c1750c127046608ad51279e7\",\"name\":\"EMAS\",\"url\":\"https:\\\/\\\/creanovaschool.com\\\/ca\\\/author\\\/nestor-silvaemas-es\\\/\"}]}<\/script>\n<!-- \/ Yoast SEO plugin. -->","yoast_head_json":{"title":"Middle: una fase de transici\u00f3 - CreaNova School","robots":{"index":"index","follow":"follow","max-snippet":"max-snippet:-1","max-image-preview":"max-image-preview:large","max-video-preview":"max-video-preview:-1"},"canonical":"https:\/\/creanovaschool.com\/ca\/2024\/middle-una-fase-de-transicio\/","og_locale":"ca_ES","og_type":"article","og_title":"Middle: una fase de transici\u00f3 - CreaNova School","og_description":"Per Moya ButxonCoordinadora de Elementary i Middle en CreaNova School La nostra etapa Middle, que compr\u00e8n el final dels anys d\u2019Elementary (5\u00e8 i 6\u00e8 de Prim\u00e0ria) i l\u2019inici de l\u2019Educaci\u00f3 secund\u00e0ria (1r d\u2019ESO), est\u00e0 acuradament organitzada per garantir que la transici\u00f3 sigui el m\u00e9s natural possible per als nostres alumnes. Durant aquesta etapa, els alumnes [&hellip;]","og_url":"https:\/\/creanovaschool.com\/ca\/2024\/middle-una-fase-de-transicio\/","og_site_name":"CreaNova School","article_publisher":"https:\/\/www.facebook.com\/collegi.creanova","article_published_time":"2024-12-04T20:50:26+00:00","author":"EMAS","twitter_card":"summary_large_image","twitter_creator":"@CollegiCreaNova","twitter_site":"@CollegiCreaNova","twitter_misc":{"Escrit per":"EMAS","Temps estimat de lectura":"2 minuts"},"schema":{"@context":"https:\/\/schema.org","@graph":[{"@type":"Article","@id":"https:\/\/creanovaschool.com\/2024\/middle-una-fase-de-transicio\/#article","isPartOf":{"@id":"https:\/\/creanovaschool.com\/2024\/middle-una-fase-de-transicio\/"},"author":{"name":"EMAS","@id":"https:\/\/creanovaschool.com\/#\/schema\/person\/bc31e364c1750c127046608ad51279e7"},"headline":"Middle: una fase de transici\u00f3","datePublished":"2024-12-04T20:50:26+00:00","mainEntityOfPage":{"@id":"https:\/\/creanovaschool.com\/2024\/middle-una-fase-de-transicio\/"},"wordCount":326,"publisher":{"@id":"https:\/\/creanovaschool.com\/#organization"},"keywords":["R2-P11-CAT"],"articleSection":["Revista"],"inLanguage":"ca"},{"@type":"WebPage","@id":"https:\/\/creanovaschool.com\/2024\/middle-una-fase-de-transicio\/","url":"https:\/\/creanovaschool.com\/2024\/middle-una-fase-de-transicio\/","name":"Middle: una fase de transici\u00f3 - CreaNova School","isPartOf":{"@id":"https:\/\/creanovaschool.com\/#website"},"datePublished":"2024-12-04T20:50:26+00:00","breadcrumb":{"@id":"https:\/\/creanovaschool.com\/2024\/middle-una-fase-de-transicio\/#breadcrumb"},"inLanguage":"ca","potentialAction":[{"@type":"ReadAction","target":["https:\/\/creanovaschool.com\/2024\/middle-una-fase-de-transicio\/"]}]},{"@type":"BreadcrumbList","@id":"https:\/\/creanovaschool.com\/2024\/middle-una-fase-de-transicio\/#breadcrumb","itemListElement":[{"@type":"ListItem","position":1,"name":"Portada","item":"https:\/\/creanovaschool.com\/"},{"@type":"ListItem","position":2,"name":"Middle: una fase de transici\u00f3"}]},{"@type":"WebSite","@id":"https:\/\/creanovaschool.com\/#website","url":"https:\/\/creanovaschool.com\/","name":"CreaNova School","description":"Learning by doing private school in Barcelona","publisher":{"@id":"https:\/\/creanovaschool.com\/#organization"},"potentialAction":[{"@type":"SearchAction","target":{"@type":"EntryPoint","urlTemplate":"https:\/\/creanovaschool.com\/?s={search_term_string}"},"query-input":{"@type":"PropertyValueSpecification","valueRequired":true,"valueName":"search_term_string"}}],"inLanguage":"ca"},{"@type":"Organization","@id":"https:\/\/creanovaschool.com\/#organization","name":"CreaNova School","url":"https:\/\/creanovaschool.com\/","logo":{"@type":"ImageObject","inLanguage":"ca","@id":"https:\/\/creanovaschool.com\/#\/schema\/logo\/image\/","url":"https:\/\/creanovaschool.com\/wp-content\/uploads\/2024\/07\/Logo_Creanova_claim.png","contentUrl":"https:\/\/creanovaschool.com\/wp-content\/uploads\/2024\/07\/Logo_Creanova_claim.png","width":2909,"height":960,"caption":"CreaNova School"},"image":{"@id":"https:\/\/creanovaschool.com\/#\/schema\/logo\/image\/"},"sameAs":["https:\/\/www.facebook.com\/collegi.creanova","https:\/\/x.com\/CollegiCreaNova","https:\/\/www.instagram.com\/collegicreanova\/","https:\/\/www.pinterest.com\/collegiCreaNova\/","https:\/\/www.youtube.com\/channel\/UCNAWIuULmSWS1gnVCYmnIIw"]},{"@type":"Person","@id":"https:\/\/creanovaschool.com\/#\/schema\/person\/bc31e364c1750c127046608ad51279e7","name":"EMAS","url":"https:\/\/creanovaschool.com\/ca\/author\/nestor-silvaemas-es\/"}]}},"_links":{"self":[{"href":"https:\/\/creanovaschool.com\/ca\/wp-json\/wp\/v2\/posts\/24166","targetHints":{"allow":["GET"]}}],"collection":[{"href":"https:\/\/creanovaschool.com\/ca\/wp-json\/wp\/v2\/posts"}],"about":[{"href":"https:\/\/creanovaschool.com\/ca\/wp-json\/wp\/v2\/types\/post"}],"author":[{"embeddable":true,"href":"https:\/\/creanovaschool.com\/ca\/wp-json\/wp\/v2\/users\/3"}],"replies":[{"embeddable":true,"href":"https:\/\/creanovaschool.com\/ca\/wp-json\/wp\/v2\/comments?post=24166"}],"version-history":[{"count":1,"href":"https:\/\/creanovaschool.com\/ca\/wp-json\/wp\/v2\/posts\/24166\/revisions"}],"predecessor-version":[{"id":24167,"href":"https:\/\/creanovaschool.com\/ca\/wp-json\/wp\/v2\/posts\/24166\/revisions\/24167"}],"wp:attachment":[{"href":"https:\/\/creanovaschool.com\/ca\/wp-json\/wp\/v2\/media?parent=24166"}],"wp:term":[{"taxonomy":"category","embeddable":true,"href":"https:\/\/creanovaschool.com\/ca\/wp-json\/wp\/v2\/categories?post=24166"},{"taxonomy":"post_tag","embeddable":true,"href":"https:\/\/creanovaschool.com\/ca\/wp-json\/wp\/v2\/tags?post=24166"}],"curies":[{"name":"wp","href":"https:\/\/api.w.org\/{rel}","templated":true}]}}