{"id":24168,"date":"2025-06-03T21:51:53","date_gmt":"2025-06-03T20:51:53","guid":{"rendered":"https:\/\/creanovaschool.com\/?p=24168"},"modified":"2025-09-09T12:27:21","modified_gmt":"2025-09-09T11:27:21","slug":"middle-una-etapa-de-transicion","status":"publish","type":"post","link":"https:\/\/creanovaschool.com\/ca\/2025\/middle-una-etapa-de-transicion\/","title":{"rendered":"Middle: una fase de transici\u00f3"},"content":{"rendered":"<div data-elementor-type=\"wp-post\" data-elementor-id=\"24168\" class=\"elementor elementor-24168\" data-elementor-post-type=\"post\">\n\t\t\t\t\t\t<section class=\"elementor-section elementor-top-section elementor-element elementor-element-708f9b49 elementor-section-boxed elementor-section-height-default elementor-section-height-default\" data-id=\"708f9b49\" data-element_type=\"section\" data-e-type=\"section\">\n\t\t\t\t\t\t<div class=\"elementor-container elementor-column-gap-default\">\n\t\t\t\t\t<div class=\"elementor-column elementor-col-50 elementor-top-column elementor-element elementor-element-145ac719\" data-id=\"145ac719\" data-element_type=\"column\" data-e-type=\"column\">\n\t\t\t<div class=\"elementor-widget-wrap elementor-element-populated\">\n\t\t\t\t\t\t<section class=\"elementor-section elementor-inner-section elementor-element elementor-element-135830c0 elementor-section-boxed elementor-section-height-default elementor-section-height-default\" data-id=\"135830c0\" data-element_type=\"section\" data-e-type=\"section\">\n\t\t\t\t\t\t<div class=\"elementor-container elementor-column-gap-default\">\n\t\t\t\t\t<div class=\"elementor-column elementor-col-50 elementor-inner-column elementor-element elementor-element-118b8d25\" data-id=\"118b8d25\" data-element_type=\"column\" data-e-type=\"column\">\n\t\t\t<div class=\"elementor-widget-wrap elementor-element-populated\">\n\t\t\t\t\t\t<div class=\"elementor-element elementor-element-259fb206 elementor-widget elementor-widget-text-editor\" data-id=\"259fb206\" data-element_type=\"widget\" data-e-type=\"widget\" data-widget_type=\"text-editor.default\">\n\t\t\t\t<div class=\"elementor-widget-container\">\n\t\t\t\t\t\t\t\t\t\n<p><em>Per Moya Butxon<\/em><br \/><em>Coordinadora de Elementary i Middle en CreaNova School<\/em><\/p>\n\n<p>La nostra etapa Middle, que compr\u00e8n el final dels anys d\u2019Elementary (5\u00e8 i 6\u00e8 de Prim\u00e0ria) i l\u2019inici de l\u2019Educaci\u00f3 secund\u00e0ria (1r d\u2019ESO), est\u00e0 acuradament organitzada per garantir que la transici\u00f3 sigui el m\u00e9s natural possible per als nostres alumnes.<\/p>\n\t\t\t\t\t\t\t\t<\/div>\n\t\t\t\t<\/div>\n\t\t\t\t\t<\/div>\n\t\t<\/div>\n\t\t\t\t<div class=\"elementor-column elementor-col-50 elementor-inner-column elementor-element elementor-element-37d66fb6\" data-id=\"37d66fb6\" data-element_type=\"column\" data-e-type=\"column\">\n\t\t\t<div class=\"elementor-widget-wrap elementor-element-populated\">\n\t\t\t\t\t\t<div class=\"elementor-element elementor-element-ac8569d elementor-widget elementor-widget-image\" data-id=\"ac8569d\" data-element_type=\"widget\" data-e-type=\"widget\" data-widget_type=\"image.default\">\n\t\t\t\t<div class=\"elementor-widget-container\">\n\t\t\t\t\t\t\t\t\t\t\t\t\t\t\t<img fetchpriority=\"high\" decoding=\"async\" width=\"800\" height=\"534\" src=\"https:\/\/creanovaschool.com\/wp-content\/uploads\/2024\/12\/Middle-5-1024x683.jpg\" class=\"attachment-large size-large wp-image-24703\" alt=\"Creanova School Sant Cugat. Learning by doing. educaci\u00f3n innovadora en Sant Cugat. Colegio privado Montesori. Colegio internacional Infantil, ESO, Primaria, Bachillerato.Inteligencia Artificial. Aleks. Labster. Pedagog\u00eda Montessori. Diploma Dual\" srcset=\"https:\/\/creanovaschool.com\/wp-content\/uploads\/2024\/12\/Middle-5-1024x683.jpg 1024w, https:\/\/creanovaschool.com\/wp-content\/uploads\/2024\/12\/Middle-5-300x200.jpg 300w, https:\/\/creanovaschool.com\/wp-content\/uploads\/2024\/12\/Middle-5-768x512.jpg 768w, https:\/\/creanovaschool.com\/wp-content\/uploads\/2024\/12\/Middle-5-1536x1024.jpg 1536w, https:\/\/creanovaschool.com\/wp-content\/uploads\/2024\/12\/Middle-5-2048x1366.jpg 2048w, https:\/\/creanovaschool.com\/wp-content\/uploads\/2024\/12\/Middle-5-18x12.jpg 18w\" sizes=\"(max-width: 800px) 100vw, 800px\" \/>\t\t\t\t\t\t\t\t\t\t\t\t\t\t\t<\/div>\n\t\t\t\t<\/div>\n\t\t\t\t\t<\/div>\n\t\t<\/div>\n\t\t\t\t\t<\/div>\n\t\t<\/section>\n\t\t\t\t<div class=\"elementor-element elementor-element-990abda elementor-widget elementor-widget-text-editor\" data-id=\"990abda\" data-element_type=\"widget\" data-e-type=\"widget\" data-widget_type=\"text-editor.default\">\n\t\t\t\t<div class=\"elementor-widget-container\">\n\t\t\t\t\t\t\t\t\t<p>Durant aquesta etapa, els alumnes experimenten molts canvis, i el nostre principal objectiu \u00e9s acompanyar-los en aquesta fase tan especial. Com a preadolescents, poden ser especialment fr\u00e0gils socialment i emocionalment, tamb\u00e9 en relaci\u00f3 amb els canvis f\u00edsics que viuen. Prestem una atenci\u00f3 espec\u00edfica a aquesta part del seu desenvolupament mitjan\u00e7ant l\u2019observaci\u00f3, l\u2019escolta activa i moments espec\u00edfics on els nostres alumnes poden expressar les seves preocupacions, inquietuds, idees i suggeriments de millora.<\/p>\n<p><!-- \/wp:paragraph --><!-- wp:paragraph --><\/p>\n<p>Els alumnes participen en tallers interessants i atractius que es connecten amb la realitat del m\u00f3n que els envolta. Desenvolupen habilitats comunicatives aix\u00ed com iniciativa emprenedora i coneixements diversos. Les arts es treballen a trav\u00e9s de la m\u00fasica, l\u2019art i tallers creatius, que s\u2019amplien i es tornen m\u00e9s espec\u00edfics i especialitzats a mesura que creixen.<\/p>\n<p>Se\u2019ls atorga cada cop m\u00e9s responsabilitats i autonomia. Aprenen a gestionar el seu temps i a ser m\u00e9s eficients durant els tallers.<\/p>\n<p>Es posa un gran \u00e8mfasi en desenvolupar la capacitat d\u2019expressar-se verbalment i d\u2019utilitzar el pensament cr\u00edtic i les habilitats de resoluci\u00f3 de problemes.<\/p>\n<p>Els alumnes m\u00e9s grans d\u2019aquesta etapa s\u00f3n introdu\u00efts a nous tallers que formen part de l\u2019etapa High, per tal que s\u2019hi vagin integrant progressivament en les noves din\u00e0miques.<\/p>\n<p>Tot i aix\u00f2, els grups de Middle comparteixen diversos moments, com sortides, excursions amb estades i tallers especials.<\/p>\n<p>El factor m\u00e9s important continua sent l\u2019atenci\u00f3 i el suport individualitzat que reben dels seus tutors i professors.<\/p>\t\t\t\t\t\t\t\t<\/div>\n\t\t\t\t<\/div>\n\t\t\t\t\t<\/div>\n\t\t<\/div>\n\t\t\t\t<div class=\"elementor-column elementor-col-50 elementor-top-column elementor-element elementor-element-67c5ff9b\" data-id=\"67c5ff9b\" data-element_type=\"column\" data-e-type=\"column\">\n\t\t\t<div class=\"elementor-widget-wrap elementor-element-populated\">\n\t\t\t\t\t\t<div class=\"elementor-element elementor-element-30a35d0c elementor-widget elementor-widget-heading\" data-id=\"30a35d0c\" data-element_type=\"widget\" data-e-type=\"widget\" data-widget_type=\"heading.default\">\n\t\t\t\t<div class=\"elementor-widget-container\">\n\t\t\t\t\t<p class=\"elementor-heading-title elementor-size-default\">Categories\n<\/p>\t\t\t\t<\/div>\n\t\t\t\t<\/div>\n\t\t\t\t<div class=\"elementor-element elementor-element-6ddd5aae elementor-nav-menu__align-start elementor-nav-menu--dropdown-tablet elementor-nav-menu__text-align-aside elementor-nav-menu--toggle elementor-nav-menu--burger elementor-widget elementor-widget-nav-menu\" data-id=\"6ddd5aae\" data-element_type=\"widget\" data-e-type=\"widget\" data-settings=\"{&quot;layout&quot;:&quot;horizontal&quot;,&quot;submenu_icon&quot;:{&quot;value&quot;:&quot;&lt;i class=\\&quot;fas fa-caret-down\\&quot; aria-hidden=\\&quot;true\\&quot;&gt;&lt;\\\/i&gt;&quot;,&quot;library&quot;:&quot;fa-solid&quot;},&quot;toggle&quot;:&quot;burger&quot;}\" data-widget_type=\"nav-menu.default\">\n\t\t\t\t<div class=\"elementor-widget-container\">\n\t\t\t\t\t\t\t\t<nav aria-label=\"Menu\" class=\"elementor-nav-menu--main elementor-nav-menu__container elementor-nav-menu--layout-horizontal e--pointer-underline e--animation-fade\">\n\t\t\t\t<ul id=\"menu-1-6ddd5aae\" class=\"elementor-nav-menu\"><li class=\"menu-item menu-item-type-taxonomy menu-item-object-category menu-item-21997\"><a href=\"https:\/\/creanovaschool.com\/ca\/category\/noticias\/\" class=\"elementor-item\">Not\u00edcies<\/a><\/li>\n<li class=\"menu-item menu-item-type-taxonomy menu-item-object-category menu-item-21996\"><a href=\"https:\/\/creanovaschool.com\/ca\/category\/actividades\/\" class=\"elementor-item\">Activitats<\/a><\/li>\n<li class=\"menu-item menu-item-type-taxonomy menu-item-object-category menu-item-21998\"><a href=\"https:\/\/creanovaschool.com\/ca\/category\/experiencias-creanova\/\" class=\"elementor-item\">Experi\u00e8ncies Creanova<\/a><\/li>\n<li class=\"menu-item menu-item-type-taxonomy menu-item-object-category menu-item-24768\"><a href=\"https:\/\/creanovaschool.com\/ca\/category\/revista\/\" class=\"elementor-item\">Revista<\/a><\/li>\n<\/ul>\t\t\t<\/nav>\n\t\t\t\t\t<div class=\"elementor-menu-toggle\" role=\"button\" tabindex=\"0\" aria-label=\"Commuta el men\u00fa\" aria-expanded=\"false\">\n\t\t\t<i aria-hidden=\"true\" role=\"presentation\" class=\"elementor-menu-toggle__icon--open eicon-menu-bar\"><\/i><i aria-hidden=\"true\" role=\"presentation\" class=\"elementor-menu-toggle__icon--close eicon-close\"><\/i>\t\t<\/div>\n\t\t\t\t\t<nav class=\"elementor-nav-menu--dropdown elementor-nav-menu__container\" aria-hidden=\"true\">\n\t\t\t\t<ul id=\"menu-2-6ddd5aae\" class=\"elementor-nav-menu\"><li class=\"menu-item menu-item-type-taxonomy menu-item-object-category menu-item-21997\"><a href=\"https:\/\/creanovaschool.com\/ca\/category\/noticias\/\" class=\"elementor-item\" tabindex=\"-1\">Not\u00edcies<\/a><\/li>\n<li class=\"menu-item menu-item-type-taxonomy menu-item-object-category menu-item-21996\"><a href=\"https:\/\/creanovaschool.com\/ca\/category\/actividades\/\" class=\"elementor-item\" tabindex=\"-1\">Activitats<\/a><\/li>\n<li class=\"menu-item menu-item-type-taxonomy menu-item-object-category menu-item-21998\"><a href=\"https:\/\/creanovaschool.com\/ca\/category\/experiencias-creanova\/\" class=\"elementor-item\" tabindex=\"-1\">Experi\u00e8ncies Creanova<\/a><\/li>\n<li class=\"menu-item menu-item-type-taxonomy menu-item-object-category menu-item-24768\"><a href=\"https:\/\/creanovaschool.com\/ca\/category\/revista\/\" class=\"elementor-item\" tabindex=\"-1\">Revista<\/a><\/li>\n<\/ul>\t\t\t<\/nav>\n\t\t\t\t\t\t<\/div>\n\t\t\t\t<\/div>\n\t\t\t\t<div class=\"elementor-element elementor-element-612977f5 elementor-widget elementor-widget-heading\" data-id=\"612977f5\" data-element_type=\"widget\" data-e-type=\"widget\" data-widget_type=\"heading.default\">\n\t\t\t\t<div class=\"elementor-widget-container\">\n\t\t\t\t\t<p class=\"elementor-heading-title elementor-size-default\">\u00daltims articles<\/p>\t\t\t\t<\/div>\n\t\t\t\t<\/div>\n\t\t\t\t<div class=\"elementor-element elementor-element-4d2539db elementor-grid-1 elementor-posts--thumbnail-none elementor-grid-tablet-2 elementor-grid-mobile-1 elementor-widget elementor-widget-posts\" data-id=\"4d2539db\" data-element_type=\"widget\" data-e-type=\"widget\" data-settings=\"{&quot;classic_columns&quot;:&quot;1&quot;,&quot;classic_row_gap&quot;:{&quot;unit&quot;:&quot;px&quot;,&quot;size&quot;:1,&quot;sizes&quot;:[]},&quot;classic_columns_tablet&quot;:&quot;2&quot;,&quot;classic_columns_mobile&quot;:&quot;1&quot;,&quot;classic_row_gap_tablet&quot;:{&quot;unit&quot;:&quot;px&quot;,&quot;size&quot;:&quot;&quot;,&quot;sizes&quot;:[]},&quot;classic_row_gap_mobile&quot;:{&quot;unit&quot;:&quot;px&quot;,&quot;size&quot;:&quot;&quot;,&quot;sizes&quot;:[]}}\" data-widget_type=\"posts.classic\">\n\t\t\t\t<div class=\"elementor-widget-container\">\n\t\t\t\t\t\t\t<div class=\"elementor-posts-container elementor-posts elementor-posts--skin-classic elementor-grid\" role=\"list\">\n\t\t\t\t<article class=\"elementor-post elementor-grid-item post-25783 post type-post status-publish format-standard has-post-thumbnail hentry category-noticias category-revista\" role=\"listitem\">\n\t\t\t\t<div class=\"elementor-post__text\">\n\t\t\t\t<p class=\"elementor-post__title\">\n\t\t\t<a href=\"https:\/\/creanovaschool.com\/ca\/2026\/resultats-competncies-basiques\/\" >\n\t\t\t\tResultats compet\u00e8ncies b\u00e0siques\t\t\t<\/a>\n\t\t<\/p>\n\t\t\t\t<div class=\"elementor-post__meta-data\">\n\t\t\t\t\t<span class=\"elementor-post-date\">\n\t\t\t23\/04\/2026\t\t<\/span>\n\t\t\t\t<\/div>\n\t\t\t\t<\/div>\n\t\t\t\t<\/article>\n\t\t\t\t<article class=\"elementor-post elementor-grid-item post-25722 post type-post status-publish format-standard has-post-thumbnail hentry category-noticias category-revista\" role=\"listitem\">\n\t\t\t\t<div class=\"elementor-post__text\">\n\t\t\t\t<p class=\"elementor-post__title\">\n\t\t\t<a href=\"https:\/\/creanovaschool.com\/ca\/2026\/indiklin-investigar-escribir-y-crear-juntos\/\" >\n\t\t\t\tINDIKLIN: investigant, escrivint i creant junts\t\t\t<\/a>\n\t\t<\/p>\n\t\t\t\t<div class=\"elementor-post__meta-data\">\n\t\t\t\t\t<span class=\"elementor-post-date\">\n\t\t\t09\/03\/2026\t\t<\/span>\n\t\t\t\t<\/div>\n\t\t\t\t<\/div>\n\t\t\t\t<\/article>\n\t\t\t\t<article class=\"elementor-post elementor-grid-item post-25350 post type-post status-publish format-standard has-post-thumbnail hentry category-noticias category-revista\" role=\"listitem\">\n\t\t\t\t<div class=\"elementor-post__text\">\n\t\t\t\t<p class=\"elementor-post__title\">\n\t\t\t<a href=\"https:\/\/creanovaschool.com\/ca\/2025\/dia-de-las-bibliotecas\/\" >\n\t\t\t\tDia de les Biblioteques\t\t\t<\/a>\n\t\t<\/p>\n\t\t\t\t<div class=\"elementor-post__meta-data\">\n\t\t\t\t\t<span class=\"elementor-post-date\">\n\t\t\t25\/10\/2025\t\t<\/span>\n\t\t\t\t<\/div>\n\t\t\t\t<\/div>\n\t\t\t\t<\/article>\n\t\t\t\t<article class=\"elementor-post elementor-grid-item post-24638 post type-post status-publish format-standard has-post-thumbnail hentry category-revista\" role=\"listitem\">\n\t\t\t\t<div class=\"elementor-post__text\">\n\t\t\t\t<p class=\"elementor-post__title\">\n\t\t\t<a href=\"https:\/\/creanovaschool.com\/ca\/2025\/afa-creanova-familias-que-sumamos\/\" >\n\t\t\t\tAFA CreaNova: fam\u00edlies que sumem\t\t\t<\/a>\n\t\t<\/p>\n\t\t\t\t<div class=\"elementor-post__meta-data\">\n\t\t\t\t\t<span class=\"elementor-post-date\">\n\t\t\t29\/07\/2025\t\t<\/span>\n\t\t\t\t<\/div>\n\t\t\t\t<\/div>\n\t\t\t\t<\/article>\n\t\t\t\t<article class=\"elementor-post elementor-grid-item post-24176 post type-post status-publish format-standard has-post-thumbnail hentry category-revista\" role=\"listitem\">\n\t\t\t\t<div class=\"elementor-post__text\">\n\t\t\t\t<p class=\"elementor-post__title\">\n\t\t\t<a href=\"https:\/\/creanovaschool.com\/ca\/2025\/bachillerato-educacion-que-inspira-desafios-que-motivan\/\" >\n\t\t\t\tBatxillerat: Educaci\u00f3 que inspira, desafiaments que motiven\t\t\t<\/a>\n\t\t<\/p>\n\t\t\t\t<div class=\"elementor-post__meta-data\">\n\t\t\t\t\t<span class=\"elementor-post-date\">\n\t\t\t01\/07\/2025\t\t<\/span>\n\t\t\t\t<\/div>\n\t\t\t\t<\/div>\n\t\t\t\t<\/article>\n\t\t\t\t<\/div>\n\t\t\n\t\t\t\t\t\t<\/div>\n\t\t\t\t<\/div>\n\t\t\t\t\t<\/div>\n\t\t<\/div>\n\t\t\t\t\t<\/div>\n\t\t<\/section>\n\t\t\t\t<\/div>","protected":false},"excerpt":{"rendered":"<p>Per Moya ButxonCoordinadora d&#039;Educaci\u00f3 Infantil i Prim\u00e0ria al Col\u00b7legi CreaNova La nostra etapa de Middle, que finalitza els anys d&#039;Elementary (5\u00e8 i 6\u00e8<\/p>","protected":false},"author":3,"featured_media":24703,"comment_status":"closed","ping_status":"closed","sticky":false,"template":"","format":"standard","meta":{"footnotes":""},"categories":[1537],"tags":[1553],"class_list":["post-24168","post","type-post","status-publish","format-standard","has-post-thumbnail","hentry","category-revista","tag-r2-p11-esp"],"yoast_head":"<!-- This site is optimized with the Yoast SEO plugin v27.5 - https:\/\/yoast.com\/product\/yoast-seo-wordpress\/ -->\n<title>Middle: una etapa de transici\u00f3n - CreaNova School<\/title>\n<meta name=\"robots\" content=\"index, follow, max-snippet:-1, max-image-preview:large, max-video-preview:-1\" \/>\n<link rel=\"canonical\" href=\"https:\/\/creanovaschool.com\/ca\/2025\/middle-una-etapa-de-transicion\/\" \/>\n<meta property=\"og:locale\" content=\"ca_ES\" \/>\n<meta property=\"og:type\" content=\"article\" \/>\n<meta property=\"og:title\" content=\"Middle: una etapa de transici\u00f3n - CreaNova School\" \/>\n<meta property=\"og:description\" content=\"Por Moya ButxonCoordinadora de Educaci\u00f3n Infantil y Primaria en el Colegio CreaNova Nuestra etapa de Middle, que finaliza los a\u00f1os de Elementary (5\u00ba y 6\u00ba\" \/>\n<meta property=\"og:url\" content=\"https:\/\/creanovaschool.com\/ca\/2025\/middle-una-etapa-de-transicion\/\" \/>\n<meta property=\"og:site_name\" content=\"CreaNova School\" \/>\n<meta property=\"article:publisher\" content=\"https:\/\/www.facebook.com\/collegi.creanova\" \/>\n<meta property=\"article:published_time\" content=\"2025-06-03T20:51:53+00:00\" \/>\n<meta property=\"article:modified_time\" content=\"2025-09-09T11:27:21+00:00\" \/>\n<meta property=\"og:image\" content=\"https:\/\/creanovaschool.com\/wp-content\/uploads\/2024\/12\/Middle-5.jpg\" \/>\n\t<meta property=\"og:image:width\" content=\"2200\" \/>\n\t<meta property=\"og:image:height\" content=\"1467\" \/>\n\t<meta property=\"og:image:type\" content=\"image\/jpeg\" \/>\n<meta name=\"author\" content=\"EMAS\" \/>\n<meta name=\"twitter:card\" content=\"summary_large_image\" \/>\n<meta name=\"twitter:creator\" content=\"@CollegiCreaNova\" \/>\n<meta name=\"twitter:site\" content=\"@CollegiCreaNova\" \/>\n<meta name=\"twitter:label1\" content=\"Escrit per\" \/>\n\t<meta name=\"twitter:data1\" content=\"EMAS\" \/>\n\t<meta name=\"twitter:label2\" content=\"Temps estimat de lectura\" \/>\n\t<meta name=\"twitter:data2\" content=\"2 minuts\" \/>\n<script type=\"application\/ld+json\" class=\"yoast-schema-graph\">{\"@context\":\"https:\\\/\\\/schema.org\",\"@graph\":[{\"@type\":\"Article\",\"@id\":\"https:\\\/\\\/creanovaschool.com\\\/2025\\\/middle-una-etapa-de-transicion\\\/#article\",\"isPartOf\":{\"@id\":\"https:\\\/\\\/creanovaschool.com\\\/2025\\\/middle-una-etapa-de-transicion\\\/\"},\"author\":{\"name\":\"EMAS\",\"@id\":\"https:\\\/\\\/creanovaschool.com\\\/#\\\/schema\\\/person\\\/bc31e364c1750c127046608ad51279e7\"},\"headline\":\"Middle: una etapa de transici\u00f3n\",\"datePublished\":\"2025-06-03T20:51:53+00:00\",\"dateModified\":\"2025-09-09T11:27:21+00:00\",\"mainEntityOfPage\":{\"@id\":\"https:\\\/\\\/creanovaschool.com\\\/2025\\\/middle-una-etapa-de-transicion\\\/\"},\"wordCount\":325,\"publisher\":{\"@id\":\"https:\\\/\\\/creanovaschool.com\\\/#organization\"},\"image\":{\"@id\":\"https:\\\/\\\/creanovaschool.com\\\/2025\\\/middle-una-etapa-de-transicion\\\/#primaryimage\"},\"thumbnailUrl\":\"https:\\\/\\\/creanovaschool.com\\\/wp-content\\\/uploads\\\/2024\\\/12\\\/Middle-5.jpg\",\"keywords\":[\"R2-P11-ESP\"],\"articleSection\":[\"Revista\"],\"inLanguage\":\"ca\"},{\"@type\":\"WebPage\",\"@id\":\"https:\\\/\\\/creanovaschool.com\\\/2025\\\/middle-una-etapa-de-transicion\\\/\",\"url\":\"https:\\\/\\\/creanovaschool.com\\\/2025\\\/middle-una-etapa-de-transicion\\\/\",\"name\":\"Middle: una etapa de transici\u00f3n - CreaNova School\",\"isPartOf\":{\"@id\":\"https:\\\/\\\/creanovaschool.com\\\/#website\"},\"primaryImageOfPage\":{\"@id\":\"https:\\\/\\\/creanovaschool.com\\\/2025\\\/middle-una-etapa-de-transicion\\\/#primaryimage\"},\"image\":{\"@id\":\"https:\\\/\\\/creanovaschool.com\\\/2025\\\/middle-una-etapa-de-transicion\\\/#primaryimage\"},\"thumbnailUrl\":\"https:\\\/\\\/creanovaschool.com\\\/wp-content\\\/uploads\\\/2024\\\/12\\\/Middle-5.jpg\",\"datePublished\":\"2025-06-03T20:51:53+00:00\",\"dateModified\":\"2025-09-09T11:27:21+00:00\",\"breadcrumb\":{\"@id\":\"https:\\\/\\\/creanovaschool.com\\\/2025\\\/middle-una-etapa-de-transicion\\\/#breadcrumb\"},\"inLanguage\":\"ca\",\"potentialAction\":[{\"@type\":\"ReadAction\",\"target\":[\"https:\\\/\\\/creanovaschool.com\\\/2025\\\/middle-una-etapa-de-transicion\\\/\"]}]},{\"@type\":\"ImageObject\",\"inLanguage\":\"ca\",\"@id\":\"https:\\\/\\\/creanovaschool.com\\\/2025\\\/middle-una-etapa-de-transicion\\\/#primaryimage\",\"url\":\"https:\\\/\\\/creanovaschool.com\\\/wp-content\\\/uploads\\\/2024\\\/12\\\/Middle-5.jpg\",\"contentUrl\":\"https:\\\/\\\/creanovaschool.com\\\/wp-content\\\/uploads\\\/2024\\\/12\\\/Middle-5.jpg\",\"width\":2200,\"height\":1467,\"caption\":\"Creanova School Sant Cugat. Learning by doing. educaci\u00f3n innovadora en Sant Cugat. Colegio privado Montesori. Colegio internacional Infantil, ESO, Primaria, Bachillerato.Inteligencia Artificial. Aleks. Labster. Pedagog\u00eda Montessori. Diploma Dual\"},{\"@type\":\"BreadcrumbList\",\"@id\":\"https:\\\/\\\/creanovaschool.com\\\/2025\\\/middle-una-etapa-de-transicion\\\/#breadcrumb\",\"itemListElement\":[{\"@type\":\"ListItem\",\"position\":1,\"name\":\"Portada\",\"item\":\"https:\\\/\\\/creanovaschool.com\\\/\"},{\"@type\":\"ListItem\",\"position\":2,\"name\":\"Middle: una etapa de transici\u00f3n\"}]},{\"@type\":\"WebSite\",\"@id\":\"https:\\\/\\\/creanovaschool.com\\\/#website\",\"url\":\"https:\\\/\\\/creanovaschool.com\\\/\",\"name\":\"CreaNova School\",\"description\":\"Learning by doing private school in Barcelona\",\"publisher\":{\"@id\":\"https:\\\/\\\/creanovaschool.com\\\/#organization\"},\"potentialAction\":[{\"@type\":\"SearchAction\",\"target\":{\"@type\":\"EntryPoint\",\"urlTemplate\":\"https:\\\/\\\/creanovaschool.com\\\/?s={search_term_string}\"},\"query-input\":{\"@type\":\"PropertyValueSpecification\",\"valueRequired\":true,\"valueName\":\"search_term_string\"}}],\"inLanguage\":\"ca\"},{\"@type\":\"Organization\",\"@id\":\"https:\\\/\\\/creanovaschool.com\\\/#organization\",\"name\":\"CreaNova School\",\"url\":\"https:\\\/\\\/creanovaschool.com\\\/\",\"logo\":{\"@type\":\"ImageObject\",\"inLanguage\":\"ca\",\"@id\":\"https:\\\/\\\/creanovaschool.com\\\/#\\\/schema\\\/logo\\\/image\\\/\",\"url\":\"https:\\\/\\\/creanovaschool.com\\\/wp-content\\\/uploads\\\/2024\\\/07\\\/Logo_Creanova_claim.png\",\"contentUrl\":\"https:\\\/\\\/creanovaschool.com\\\/wp-content\\\/uploads\\\/2024\\\/07\\\/Logo_Creanova_claim.png\",\"width\":2909,\"height\":960,\"caption\":\"CreaNova School\"},\"image\":{\"@id\":\"https:\\\/\\\/creanovaschool.com\\\/#\\\/schema\\\/logo\\\/image\\\/\"},\"sameAs\":[\"https:\\\/\\\/www.facebook.com\\\/collegi.creanova\",\"https:\\\/\\\/x.com\\\/CollegiCreaNova\",\"https:\\\/\\\/www.instagram.com\\\/collegicreanova\\\/\",\"https:\\\/\\\/www.pinterest.com\\\/collegiCreaNova\\\/\",\"https:\\\/\\\/www.youtube.com\\\/channel\\\/UCNAWIuULmSWS1gnVCYmnIIw\"]},{\"@type\":\"Person\",\"@id\":\"https:\\\/\\\/creanovaschool.com\\\/#\\\/schema\\\/person\\\/bc31e364c1750c127046608ad51279e7\",\"name\":\"EMAS\",\"url\":\"https:\\\/\\\/creanovaschool.com\\\/ca\\\/author\\\/nestor-silvaemas-es\\\/\"}]}<\/script>\n<!-- \/ Yoast SEO plugin. -->","yoast_head_json":{"title":"Middle: una etapa de transici\u00f3 - CreaNova School","robots":{"index":"index","follow":"follow","max-snippet":"max-snippet:-1","max-image-preview":"max-image-preview:large","max-video-preview":"max-video-preview:-1"},"canonical":"https:\/\/creanovaschool.com\/ca\/2025\/middle-una-etapa-de-transicion\/","og_locale":"ca_ES","og_type":"article","og_title":"Middle: una etapa de transici\u00f3n - CreaNova School","og_description":"Por Moya ButxonCoordinadora de Educaci\u00f3n Infantil y Primaria en el Colegio CreaNova Nuestra etapa de Middle, que finaliza los a\u00f1os de Elementary (5\u00ba y 6\u00ba","og_url":"https:\/\/creanovaschool.com\/ca\/2025\/middle-una-etapa-de-transicion\/","og_site_name":"CreaNova School","article_publisher":"https:\/\/www.facebook.com\/collegi.creanova","article_published_time":"2025-06-03T20:51:53+00:00","article_modified_time":"2025-09-09T11:27:21+00:00","og_image":[{"width":2200,"height":1467,"url":"https:\/\/creanovaschool.com\/wp-content\/uploads\/2024\/12\/Middle-5.jpg","type":"image\/jpeg"}],"author":"EMAS","twitter_card":"summary_large_image","twitter_creator":"@CollegiCreaNova","twitter_site":"@CollegiCreaNova","twitter_misc":{"Escrit per":"EMAS","Temps estimat de lectura":"2 minuts"},"schema":{"@context":"https:\/\/schema.org","@graph":[{"@type":"Article","@id":"https:\/\/creanovaschool.com\/2025\/middle-una-etapa-de-transicion\/#article","isPartOf":{"@id":"https:\/\/creanovaschool.com\/2025\/middle-una-etapa-de-transicion\/"},"author":{"name":"EMAS","@id":"https:\/\/creanovaschool.com\/#\/schema\/person\/bc31e364c1750c127046608ad51279e7"},"headline":"Middle: una etapa de transici\u00f3n","datePublished":"2025-06-03T20:51:53+00:00","dateModified":"2025-09-09T11:27:21+00:00","mainEntityOfPage":{"@id":"https:\/\/creanovaschool.com\/2025\/middle-una-etapa-de-transicion\/"},"wordCount":325,"publisher":{"@id":"https:\/\/creanovaschool.com\/#organization"},"image":{"@id":"https:\/\/creanovaschool.com\/2025\/middle-una-etapa-de-transicion\/#primaryimage"},"thumbnailUrl":"https:\/\/creanovaschool.com\/wp-content\/uploads\/2024\/12\/Middle-5.jpg","keywords":["R2-P11-ESP"],"articleSection":["Revista"],"inLanguage":"ca"},{"@type":"WebPage","@id":"https:\/\/creanovaschool.com\/2025\/middle-una-etapa-de-transicion\/","url":"https:\/\/creanovaschool.com\/2025\/middle-una-etapa-de-transicion\/","name":"Middle: una etapa de transici\u00f3 - CreaNova School","isPartOf":{"@id":"https:\/\/creanovaschool.com\/#website"},"primaryImageOfPage":{"@id":"https:\/\/creanovaschool.com\/2025\/middle-una-etapa-de-transicion\/#primaryimage"},"image":{"@id":"https:\/\/creanovaschool.com\/2025\/middle-una-etapa-de-transicion\/#primaryimage"},"thumbnailUrl":"https:\/\/creanovaschool.com\/wp-content\/uploads\/2024\/12\/Middle-5.jpg","datePublished":"2025-06-03T20:51:53+00:00","dateModified":"2025-09-09T11:27:21+00:00","breadcrumb":{"@id":"https:\/\/creanovaschool.com\/2025\/middle-una-etapa-de-transicion\/#breadcrumb"},"inLanguage":"ca","potentialAction":[{"@type":"ReadAction","target":["https:\/\/creanovaschool.com\/2025\/middle-una-etapa-de-transicion\/"]}]},{"@type":"ImageObject","inLanguage":"ca","@id":"https:\/\/creanovaschool.com\/2025\/middle-una-etapa-de-transicion\/#primaryimage","url":"https:\/\/creanovaschool.com\/wp-content\/uploads\/2024\/12\/Middle-5.jpg","contentUrl":"https:\/\/creanovaschool.com\/wp-content\/uploads\/2024\/12\/Middle-5.jpg","width":2200,"height":1467,"caption":"Creanova School Sant Cugat. Learning by doing. educaci\u00f3n innovadora en Sant Cugat. Colegio privado Montesori. Colegio internacional Infantil, ESO, Primaria, Bachillerato.Inteligencia Artificial. Aleks. Labster. Pedagog\u00eda Montessori. Diploma Dual"},{"@type":"BreadcrumbList","@id":"https:\/\/creanovaschool.com\/2025\/middle-una-etapa-de-transicion\/#breadcrumb","itemListElement":[{"@type":"ListItem","position":1,"name":"Portada","item":"https:\/\/creanovaschool.com\/"},{"@type":"ListItem","position":2,"name":"Middle: una etapa de transici\u00f3n"}]},{"@type":"WebSite","@id":"https:\/\/creanovaschool.com\/#website","url":"https:\/\/creanovaschool.com\/","name":"CreaNova School","description":"Learning by doing private school in Barcelona","publisher":{"@id":"https:\/\/creanovaschool.com\/#organization"},"potentialAction":[{"@type":"SearchAction","target":{"@type":"EntryPoint","urlTemplate":"https:\/\/creanovaschool.com\/?s={search_term_string}"},"query-input":{"@type":"PropertyValueSpecification","valueRequired":true,"valueName":"search_term_string"}}],"inLanguage":"ca"},{"@type":"Organization","@id":"https:\/\/creanovaschool.com\/#organization","name":"CreaNova School","url":"https:\/\/creanovaschool.com\/","logo":{"@type":"ImageObject","inLanguage":"ca","@id":"https:\/\/creanovaschool.com\/#\/schema\/logo\/image\/","url":"https:\/\/creanovaschool.com\/wp-content\/uploads\/2024\/07\/Logo_Creanova_claim.png","contentUrl":"https:\/\/creanovaschool.com\/wp-content\/uploads\/2024\/07\/Logo_Creanova_claim.png","width":2909,"height":960,"caption":"CreaNova School"},"image":{"@id":"https:\/\/creanovaschool.com\/#\/schema\/logo\/image\/"},"sameAs":["https:\/\/www.facebook.com\/collegi.creanova","https:\/\/x.com\/CollegiCreaNova","https:\/\/www.instagram.com\/collegicreanova\/","https:\/\/www.pinterest.com\/collegiCreaNova\/","https:\/\/www.youtube.com\/channel\/UCNAWIuULmSWS1gnVCYmnIIw"]},{"@type":"Person","@id":"https:\/\/creanovaschool.com\/#\/schema\/person\/bc31e364c1750c127046608ad51279e7","name":"EMAS","url":"https:\/\/creanovaschool.com\/ca\/author\/nestor-silvaemas-es\/"}]}},"_links":{"self":[{"href":"https:\/\/creanovaschool.com\/ca\/wp-json\/wp\/v2\/posts\/24168","targetHints":{"allow":["GET"]}}],"collection":[{"href":"https:\/\/creanovaschool.com\/ca\/wp-json\/wp\/v2\/posts"}],"about":[{"href":"https:\/\/creanovaschool.com\/ca\/wp-json\/wp\/v2\/types\/post"}],"author":[{"embeddable":true,"href":"https:\/\/creanovaschool.com\/ca\/wp-json\/wp\/v2\/users\/3"}],"replies":[{"embeddable":true,"href":"https:\/\/creanovaschool.com\/ca\/wp-json\/wp\/v2\/comments?post=24168"}],"version-history":[{"count":11,"href":"https:\/\/creanovaschool.com\/ca\/wp-json\/wp\/v2\/posts\/24168\/revisions"}],"predecessor-version":[{"id":25260,"href":"https:\/\/creanovaschool.com\/ca\/wp-json\/wp\/v2\/posts\/24168\/revisions\/25260"}],"wp:featuredmedia":[{"embeddable":true,"href":"https:\/\/creanovaschool.com\/ca\/wp-json\/wp\/v2\/media\/24703"}],"wp:attachment":[{"href":"https:\/\/creanovaschool.com\/ca\/wp-json\/wp\/v2\/media?parent=24168"}],"wp:term":[{"taxonomy":"category","embeddable":true,"href":"https:\/\/creanovaschool.com\/ca\/wp-json\/wp\/v2\/categories?post=24168"},{"taxonomy":"post_tag","embeddable":true,"href":"https:\/\/creanovaschool.com\/ca\/wp-json\/wp\/v2\/tags?post=24168"}],"curies":[{"name":"wp","href":"https:\/\/api.w.org\/{rel}","templated":true}]}}