{"id":24638,"date":"2025-07-29T17:20:12","date_gmt":"2025-07-29T16:20:12","guid":{"rendered":"https:\/\/creanovaschool.com\/?p=24638"},"modified":"2025-10-25T11:51:43","modified_gmt":"2025-10-25T10:51:43","slug":"afa-creanova-familias-que-sumamos","status":"publish","type":"post","link":"https:\/\/creanovaschool.com\/ca\/2025\/afa-creanova-familias-que-sumamos\/","title":{"rendered":"AFA CreaNova: fam\u00edlies que sumem"},"content":{"rendered":"<div data-elementor-type=\"wp-post\" data-elementor-id=\"24638\" class=\"elementor elementor-24638\" data-elementor-post-type=\"post\">\n\t\t\t\t\t\t<section class=\"elementor-section elementor-top-section elementor-element elementor-element-28ab898b elementor-section-boxed elementor-section-height-default elementor-section-height-default\" data-id=\"28ab898b\" data-element_type=\"section\" data-e-type=\"section\">\n\t\t\t\t\t\t<div class=\"elementor-container elementor-column-gap-default\">\n\t\t\t\t\t<div class=\"elementor-column elementor-col-100 elementor-top-column elementor-element elementor-element-4807d82c\" data-id=\"4807d82c\" data-element_type=\"column\" data-e-type=\"column\">\n\t\t\t<div class=\"elementor-widget-wrap elementor-element-populated\">\n\t\t\t\t\t\t<div class=\"elementor-element elementor-element-902c95a elementor-widget elementor-widget-heading\" data-id=\"902c95a\" data-element_type=\"widget\" data-e-type=\"widget\" data-widget_type=\"heading.default\">\n\t\t\t\t<div class=\"elementor-widget-container\">\n\t\t\t\t\t<h2 class=\"elementor-heading-title elementor-size-default\">AFA CreaNova \u00e9s el pont entre les fam\u00edlies i el col\u00b7legi, amb diferents projectes que fomenten el sentit de comunitat del centre.<\/h2>\t\t\t\t<\/div>\n\t\t\t\t<\/div>\n\t\t\t\t\t<\/div>\n\t\t<\/div>\n\t\t\t\t\t<\/div>\n\t\t<\/section>\n\t\t\t\t<section class=\"elementor-section elementor-top-section elementor-element elementor-element-6e9762f elementor-section-boxed elementor-section-height-default elementor-section-height-default\" data-id=\"6e9762f\" data-element_type=\"section\" data-e-type=\"section\">\n\t\t\t\t\t\t<div class=\"elementor-container elementor-column-gap-default\">\n\t\t\t\t\t<div class=\"elementor-column elementor-col-50 elementor-top-column elementor-element elementor-element-e87fb28\" data-id=\"e87fb28\" data-element_type=\"column\" data-e-type=\"column\">\n\t\t\t<div class=\"elementor-widget-wrap elementor-element-populated\">\n\t\t\t\t\t\t<div class=\"elementor-element elementor-element-d7eb2d3 elementor-widget elementor-widget-text-editor\" data-id=\"d7eb2d3\" data-element_type=\"widget\" data-e-type=\"widget\" data-widget_type=\"text-editor.default\">\n\t\t\t\t<div class=\"elementor-widget-container\">\n\t\t\t\t\t\t\t\t\t<p>A <strong>AFA Creanova<\/strong>, la <strong>Associaci\u00f3 de Fam\u00edlies de <\/strong><strong>Alumnes<\/strong> del col\u00b7legi, treballem de la m\u00e0 amb l&#039;escola per contribuir a fer que els nostres fills tinguin la millor experi\u00e8ncia educativa possible.<\/p><p><strong>Som el pont<\/strong> entre les fam\u00edlies i l&#039;escola,<br \/>assegurant-nos que sempre hi hagi una<br \/>comunicaci\u00f3 fluida i efectiva.<\/p><p>Programem activitats l\u00facides i solid\u00e0ries,<br \/>donem suport al projecte de biblioteca del centre ia la benvinguda a noves fam\u00edlies, tallers educatius\u2026 A AFA, duem a terme diferents iniciatives per donar suport tant als alumnes com a les seves fam\u00edlies.<\/p><p>a m\u00e9s, organitzem activitats que enriqueixen la vida escolar i creen un sentit de comunitat entre tots nosaltres.\u00a0<\/p><p>Un dels nostres projectes m\u00e9s emocionants \u00e9s la col\u00b7laboraci\u00f3 amb la <strong>Fundaci\u00f3 Vicente Ferrer<\/strong> que comencem el curs passat: estem treballant junts per construir una escola a <strong>Kotakonda (\u00cdndia)<\/strong>, cosa que permetr\u00e0 que molts nens i nenes accedeixin a una educaci\u00f3 de qualitat. El curs passat, vam aconseguir recaptar els primers gaireb\u00e9 1.000 euros i <strong>apadrinar 14 nens<\/strong>.<\/p><p>Per aquest curs 2024-2025 hem organitzat diverses activitats, com ara mercats ambulants, carreres ben\u00e8fiques i tallers educatius sobre la cultura i les necessitats de la regi\u00f3 on es construir\u00e0 l&#039;escola, entre d&#039;altres. Totes elles, iniciatives amb qu\u00e8 volem seguir <strong>recaptant fons solidaris<\/strong>.<\/p>\t\t\t\t\t\t\t\t<\/div>\n\t\t\t\t<\/div>\n\t\t\t\t\t<\/div>\n\t\t<\/div>\n\t\t\t\t<div class=\"elementor-column elementor-col-50 elementor-top-column elementor-element elementor-element-7e9afcb\" data-id=\"7e9afcb\" data-element_type=\"column\" data-e-type=\"column\">\n\t\t\t<div class=\"elementor-widget-wrap elementor-element-populated\">\n\t\t\t\t\t\t<div class=\"elementor-element elementor-element-5f43b74 elementor-widget elementor-widget-image\" data-id=\"5f43b74\" data-element_type=\"widget\" data-e-type=\"widget\" data-widget_type=\"image.default\">\n\t\t\t\t<div class=\"elementor-widget-container\">\n\t\t\t\t\t\t\t\t\t\t\t\t\t\t\t<img fetchpriority=\"high\" decoding=\"async\" width=\"297\" height=\"193\" src=\"https:\/\/creanovaschool.com\/wp-content\/uploads\/2025\/02\/REVISTA-SEPTIEMBRE-24-NUEVA-4.jpg\" class=\"attachment-large size-large wp-image-24639\" alt=\"Creanova School Sant Cugat. Learning by doing. educaci\u00f3n innovadora en Sant Cugat. Colegio privado Montesori. Colegio internacional Infantil, ESO, Primaria, Bachillerato.Inteligencia Artificial. Aleks. Labster. Pedagog\u00eda Montessori. Diploma Dual\" srcset=\"https:\/\/creanovaschool.com\/wp-content\/uploads\/2025\/02\/REVISTA-SEPTIEMBRE-24-NUEVA-4.jpg 297w, https:\/\/creanovaschool.com\/wp-content\/uploads\/2025\/02\/REVISTA-SEPTIEMBRE-24-NUEVA-4-18x12.jpg 18w\" sizes=\"(max-width: 297px) 100vw, 297px\" \/>\t\t\t\t\t\t\t\t\t\t\t\t\t\t\t<\/div>\n\t\t\t\t<\/div>\n\t\t\t\t<div class=\"elementor-element elementor-element-61144fb elementor-widget elementor-widget-text-editor\" data-id=\"61144fb\" data-element_type=\"widget\" data-e-type=\"widget\" data-widget_type=\"text-editor.default\">\n\t\t\t\t<div class=\"elementor-widget-container\">\n\t\t\t\t\t\t\t\t\t<p>La participaci\u00f3 de les fam\u00edlies fins ara <strong>ha estat incre\u00efble<\/strong> i estem orgullosos del que hem aconseguit junts. Impulsar aquest projecte demostra als nostres fills la import\u00e0ncia de la solidaritat i l&#039;impacte real i positiu que poden tenir al m\u00f3n.<\/p><p>Un altre dels nostres eixos de treball prioritaris per a aquest curs ser\u00e0 la <strong>organitzaci\u00f3 de tallers<\/strong> orientats a fam\u00edlies i alumnes que abasten temes molt diversos com la sexualitat o l&#039;assetjament a les xarxes.<br \/>Aquestes session ajuden a enfortir les nostres<br \/>capacitats i a enfrontar millor els desafiaments diaris.<\/p><p>I com a novetat per a aquest any, des de la comissi\u00f3 de benvinguda volem <strong>impulsar quedades i excursions<\/strong> per fomentar moments de trobada, con\u00e8ixer-nos millor i passar-ho genial!<\/p><p><strong>Segueix-nos!<\/strong><br \/>Per estar al dia del que fem, visita la nostra web o b\u00e9 cerca el nostre perfil <strong>@AFACreanova<\/strong> a Instagram. Tamb\u00e9 tenim un canal de Whatsapp per a totes les fam\u00edlies s\u00f2cies de l&#039;AFA.<br \/>\u00a1Gr\u00e0cies pel teu suport i col\u00b7laboraci\u00f3!<\/p>\t\t\t\t\t\t\t\t<\/div>\n\t\t\t\t<\/div>\n\t\t\t\t\t<\/div>\n\t\t<\/div>\n\t\t\t\t\t<\/div>\n\t\t<\/section>\n\t\t\t\t<\/div>","protected":false},"excerpt":{"rendered":"<p>AFA Creanova es el puente entre las familias y el colegio, con diferentes proyectos que fomentan el sentido de comunidad del centro En AFA Creanova, la Asociaci\u00f3n de Familias de Alumnos del colegio, trabajamos de la mano con la escuela para contribuir a que nuestros hijos tengan la mejor experiencia educativa posible. Somos el puente [&hellip;]<\/p>\n","protected":false},"author":3,"featured_media":24639,"comment_status":"closed","ping_status":"closed","sticky":false,"template":"","format":"standard","meta":{"footnotes":""},"categories":[1537],"tags":[],"class_list":["post-24638","post","type-post","status-publish","format-standard","has-post-thumbnail","hentry","category-revista"],"yoast_head":"<!-- This site is optimized with the Yoast SEO plugin v27.5 - https:\/\/yoast.com\/product\/yoast-seo-wordpress\/ -->\n<title>AFA CreaNova: familias que sumamos - CreaNova School<\/title>\n<meta name=\"robots\" content=\"index, follow, max-snippet:-1, max-image-preview:large, max-video-preview:-1\" \/>\n<link rel=\"canonical\" href=\"https:\/\/creanovaschool.com\/ca\/2025\/afa-creanova-familias-que-sumamos\/\" \/>\n<meta property=\"og:locale\" content=\"ca_ES\" \/>\n<meta property=\"og:type\" content=\"article\" \/>\n<meta property=\"og:title\" content=\"AFA CreaNova: familias que sumamos - CreaNova School\" \/>\n<meta property=\"og:description\" content=\"AFA Creanova es el puente entre las familias y el colegio, con diferentes proyectos que fomentan el sentido de comunidad del centro En AFA Creanova, la Asociaci\u00f3n de Familias de Alumnos del colegio, trabajamos de la mano con la escuela para contribuir a que nuestros hijos tengan la mejor experiencia educativa posible. Somos el puente [&hellip;]\" \/>\n<meta property=\"og:url\" content=\"https:\/\/creanovaschool.com\/ca\/2025\/afa-creanova-familias-que-sumamos\/\" \/>\n<meta property=\"og:site_name\" content=\"CreaNova School\" \/>\n<meta property=\"article:publisher\" content=\"https:\/\/www.facebook.com\/collegi.creanova\" \/>\n<meta property=\"article:published_time\" content=\"2025-07-29T16:20:12+00:00\" \/>\n<meta property=\"article:modified_time\" content=\"2025-10-25T10:51:43+00:00\" \/>\n<meta property=\"og:image\" content=\"https:\/\/creanovaschool.com\/wp-content\/uploads\/2025\/02\/REVISTA-SEPTIEMBRE-24-NUEVA-4.jpg\" \/>\n\t<meta property=\"og:image:width\" content=\"297\" \/>\n\t<meta property=\"og:image:height\" content=\"193\" \/>\n\t<meta property=\"og:image:type\" content=\"image\/jpeg\" \/>\n<meta name=\"author\" content=\"EMAS\" \/>\n<meta name=\"twitter:card\" content=\"summary_large_image\" \/>\n<meta name=\"twitter:creator\" content=\"@CollegiCreaNova\" \/>\n<meta name=\"twitter:site\" content=\"@CollegiCreaNova\" \/>\n<meta name=\"twitter:label1\" content=\"Escrit per\" \/>\n\t<meta name=\"twitter:data1\" content=\"EMAS\" \/>\n\t<meta name=\"twitter:label2\" content=\"Temps estimat de lectura\" \/>\n\t<meta name=\"twitter:data2\" content=\"3 minuts\" \/>\n<script type=\"application\/ld+json\" class=\"yoast-schema-graph\">{\"@context\":\"https:\\\/\\\/schema.org\",\"@graph\":[{\"@type\":\"Article\",\"@id\":\"https:\\\/\\\/creanovaschool.com\\\/2025\\\/afa-creanova-familias-que-sumamos\\\/#article\",\"isPartOf\":{\"@id\":\"https:\\\/\\\/creanovaschool.com\\\/2025\\\/afa-creanova-familias-que-sumamos\\\/\"},\"author\":{\"name\":\"EMAS\",\"@id\":\"https:\\\/\\\/creanovaschool.com\\\/#\\\/schema\\\/person\\\/bc31e364c1750c127046608ad51279e7\"},\"headline\":\"AFA CreaNova: familias que sumamos\",\"datePublished\":\"2025-07-29T16:20:12+00:00\",\"dateModified\":\"2025-10-25T10:51:43+00:00\",\"mainEntityOfPage\":{\"@id\":\"https:\\\/\\\/creanovaschool.com\\\/2025\\\/afa-creanova-familias-que-sumamos\\\/\"},\"wordCount\":406,\"publisher\":{\"@id\":\"https:\\\/\\\/creanovaschool.com\\\/#organization\"},\"image\":{\"@id\":\"https:\\\/\\\/creanovaschool.com\\\/2025\\\/afa-creanova-familias-que-sumamos\\\/#primaryimage\"},\"thumbnailUrl\":\"https:\\\/\\\/creanovaschool.com\\\/wp-content\\\/uploads\\\/2025\\\/02\\\/REVISTA-SEPTIEMBRE-24-NUEVA-4.jpg\",\"articleSection\":[\"Revista\"],\"inLanguage\":\"ca\"},{\"@type\":\"WebPage\",\"@id\":\"https:\\\/\\\/creanovaschool.com\\\/2025\\\/afa-creanova-familias-que-sumamos\\\/\",\"url\":\"https:\\\/\\\/creanovaschool.com\\\/2025\\\/afa-creanova-familias-que-sumamos\\\/\",\"name\":\"AFA CreaNova: familias que sumamos - CreaNova School\",\"isPartOf\":{\"@id\":\"https:\\\/\\\/creanovaschool.com\\\/#website\"},\"primaryImageOfPage\":{\"@id\":\"https:\\\/\\\/creanovaschool.com\\\/2025\\\/afa-creanova-familias-que-sumamos\\\/#primaryimage\"},\"image\":{\"@id\":\"https:\\\/\\\/creanovaschool.com\\\/2025\\\/afa-creanova-familias-que-sumamos\\\/#primaryimage\"},\"thumbnailUrl\":\"https:\\\/\\\/creanovaschool.com\\\/wp-content\\\/uploads\\\/2025\\\/02\\\/REVISTA-SEPTIEMBRE-24-NUEVA-4.jpg\",\"datePublished\":\"2025-07-29T16:20:12+00:00\",\"dateModified\":\"2025-10-25T10:51:43+00:00\",\"breadcrumb\":{\"@id\":\"https:\\\/\\\/creanovaschool.com\\\/2025\\\/afa-creanova-familias-que-sumamos\\\/#breadcrumb\"},\"inLanguage\":\"ca\",\"potentialAction\":[{\"@type\":\"ReadAction\",\"target\":[\"https:\\\/\\\/creanovaschool.com\\\/2025\\\/afa-creanova-familias-que-sumamos\\\/\"]}]},{\"@type\":\"ImageObject\",\"inLanguage\":\"ca\",\"@id\":\"https:\\\/\\\/creanovaschool.com\\\/2025\\\/afa-creanova-familias-que-sumamos\\\/#primaryimage\",\"url\":\"https:\\\/\\\/creanovaschool.com\\\/wp-content\\\/uploads\\\/2025\\\/02\\\/REVISTA-SEPTIEMBRE-24-NUEVA-4.jpg\",\"contentUrl\":\"https:\\\/\\\/creanovaschool.com\\\/wp-content\\\/uploads\\\/2025\\\/02\\\/REVISTA-SEPTIEMBRE-24-NUEVA-4.jpg\",\"width\":297,\"height\":193,\"caption\":\"Creanova School Sant Cugat. Learning by doing. educaci\u00f3n innovadora en Sant Cugat. Colegio privado Montesori. Colegio internacional Infantil, ESO, Primaria, Bachillerato.Inteligencia Artificial. Aleks. Labster. Pedagog\u00eda Montessori. Diploma Dual\"},{\"@type\":\"BreadcrumbList\",\"@id\":\"https:\\\/\\\/creanovaschool.com\\\/2025\\\/afa-creanova-familias-que-sumamos\\\/#breadcrumb\",\"itemListElement\":[{\"@type\":\"ListItem\",\"position\":1,\"name\":\"Portada\",\"item\":\"https:\\\/\\\/creanovaschool.com\\\/\"},{\"@type\":\"ListItem\",\"position\":2,\"name\":\"AFA CreaNova: familias que sumamos\"}]},{\"@type\":\"WebSite\",\"@id\":\"https:\\\/\\\/creanovaschool.com\\\/#website\",\"url\":\"https:\\\/\\\/creanovaschool.com\\\/\",\"name\":\"CreaNova School\",\"description\":\"Learning by doing private school in Barcelona\",\"publisher\":{\"@id\":\"https:\\\/\\\/creanovaschool.com\\\/#organization\"},\"potentialAction\":[{\"@type\":\"SearchAction\",\"target\":{\"@type\":\"EntryPoint\",\"urlTemplate\":\"https:\\\/\\\/creanovaschool.com\\\/?s={search_term_string}\"},\"query-input\":{\"@type\":\"PropertyValueSpecification\",\"valueRequired\":true,\"valueName\":\"search_term_string\"}}],\"inLanguage\":\"ca\"},{\"@type\":\"Organization\",\"@id\":\"https:\\\/\\\/creanovaschool.com\\\/#organization\",\"name\":\"CreaNova School\",\"url\":\"https:\\\/\\\/creanovaschool.com\\\/\",\"logo\":{\"@type\":\"ImageObject\",\"inLanguage\":\"ca\",\"@id\":\"https:\\\/\\\/creanovaschool.com\\\/#\\\/schema\\\/logo\\\/image\\\/\",\"url\":\"https:\\\/\\\/creanovaschool.com\\\/wp-content\\\/uploads\\\/2024\\\/07\\\/Logo_Creanova_claim.png\",\"contentUrl\":\"https:\\\/\\\/creanovaschool.com\\\/wp-content\\\/uploads\\\/2024\\\/07\\\/Logo_Creanova_claim.png\",\"width\":2909,\"height\":960,\"caption\":\"CreaNova School\"},\"image\":{\"@id\":\"https:\\\/\\\/creanovaschool.com\\\/#\\\/schema\\\/logo\\\/image\\\/\"},\"sameAs\":[\"https:\\\/\\\/www.facebook.com\\\/collegi.creanova\",\"https:\\\/\\\/x.com\\\/CollegiCreaNova\",\"https:\\\/\\\/www.instagram.com\\\/collegicreanova\\\/\",\"https:\\\/\\\/www.pinterest.com\\\/collegiCreaNova\\\/\",\"https:\\\/\\\/www.youtube.com\\\/channel\\\/UCNAWIuULmSWS1gnVCYmnIIw\"]},{\"@type\":\"Person\",\"@id\":\"https:\\\/\\\/creanovaschool.com\\\/#\\\/schema\\\/person\\\/bc31e364c1750c127046608ad51279e7\",\"name\":\"EMAS\",\"url\":\"https:\\\/\\\/creanovaschool.com\\\/ca\\\/author\\\/nestor-silvaemas-es\\\/\"}]}<\/script>\n<!-- \/ Yoast SEO plugin. -->","yoast_head_json":{"title":"AFA CreaNova: fam\u00edlies que sumem - CreaNova School","robots":{"index":"index","follow":"follow","max-snippet":"max-snippet:-1","max-image-preview":"max-image-preview:large","max-video-preview":"max-video-preview:-1"},"canonical":"https:\/\/creanovaschool.com\/ca\/2025\/afa-creanova-familias-que-sumamos\/","og_locale":"ca_ES","og_type":"article","og_title":"AFA CreaNova: familias que sumamos - CreaNova School","og_description":"AFA Creanova es el puente entre las familias y el colegio, con diferentes proyectos que fomentan el sentido de comunidad del centro En AFA Creanova, la Asociaci\u00f3n de Familias de Alumnos del colegio, trabajamos de la mano con la escuela para contribuir a que nuestros hijos tengan la mejor experiencia educativa posible. Somos el puente [&hellip;]","og_url":"https:\/\/creanovaschool.com\/ca\/2025\/afa-creanova-familias-que-sumamos\/","og_site_name":"CreaNova School","article_publisher":"https:\/\/www.facebook.com\/collegi.creanova","article_published_time":"2025-07-29T16:20:12+00:00","article_modified_time":"2025-10-25T10:51:43+00:00","og_image":[{"width":297,"height":193,"url":"https:\/\/creanovaschool.com\/wp-content\/uploads\/2025\/02\/REVISTA-SEPTIEMBRE-24-NUEVA-4.jpg","type":"image\/jpeg"}],"author":"EMAS","twitter_card":"summary_large_image","twitter_creator":"@CollegiCreaNova","twitter_site":"@CollegiCreaNova","twitter_misc":{"Escrit per":"EMAS","Temps estimat de lectura":"3 minuts"},"schema":{"@context":"https:\/\/schema.org","@graph":[{"@type":"Article","@id":"https:\/\/creanovaschool.com\/2025\/afa-creanova-familias-que-sumamos\/#article","isPartOf":{"@id":"https:\/\/creanovaschool.com\/2025\/afa-creanova-familias-que-sumamos\/"},"author":{"name":"EMAS","@id":"https:\/\/creanovaschool.com\/#\/schema\/person\/bc31e364c1750c127046608ad51279e7"},"headline":"AFA CreaNova: familias que sumamos","datePublished":"2025-07-29T16:20:12+00:00","dateModified":"2025-10-25T10:51:43+00:00","mainEntityOfPage":{"@id":"https:\/\/creanovaschool.com\/2025\/afa-creanova-familias-que-sumamos\/"},"wordCount":406,"publisher":{"@id":"https:\/\/creanovaschool.com\/#organization"},"image":{"@id":"https:\/\/creanovaschool.com\/2025\/afa-creanova-familias-que-sumamos\/#primaryimage"},"thumbnailUrl":"https:\/\/creanovaschool.com\/wp-content\/uploads\/2025\/02\/REVISTA-SEPTIEMBRE-24-NUEVA-4.jpg","articleSection":["Revista"],"inLanguage":"ca"},{"@type":"WebPage","@id":"https:\/\/creanovaschool.com\/2025\/afa-creanova-familias-que-sumamos\/","url":"https:\/\/creanovaschool.com\/2025\/afa-creanova-familias-que-sumamos\/","name":"AFA CreaNova: fam\u00edlies que sumem - CreaNova School","isPartOf":{"@id":"https:\/\/creanovaschool.com\/#website"},"primaryImageOfPage":{"@id":"https:\/\/creanovaschool.com\/2025\/afa-creanova-familias-que-sumamos\/#primaryimage"},"image":{"@id":"https:\/\/creanovaschool.com\/2025\/afa-creanova-familias-que-sumamos\/#primaryimage"},"thumbnailUrl":"https:\/\/creanovaschool.com\/wp-content\/uploads\/2025\/02\/REVISTA-SEPTIEMBRE-24-NUEVA-4.jpg","datePublished":"2025-07-29T16:20:12+00:00","dateModified":"2025-10-25T10:51:43+00:00","breadcrumb":{"@id":"https:\/\/creanovaschool.com\/2025\/afa-creanova-familias-que-sumamos\/#breadcrumb"},"inLanguage":"ca","potentialAction":[{"@type":"ReadAction","target":["https:\/\/creanovaschool.com\/2025\/afa-creanova-familias-que-sumamos\/"]}]},{"@type":"ImageObject","inLanguage":"ca","@id":"https:\/\/creanovaschool.com\/2025\/afa-creanova-familias-que-sumamos\/#primaryimage","url":"https:\/\/creanovaschool.com\/wp-content\/uploads\/2025\/02\/REVISTA-SEPTIEMBRE-24-NUEVA-4.jpg","contentUrl":"https:\/\/creanovaschool.com\/wp-content\/uploads\/2025\/02\/REVISTA-SEPTIEMBRE-24-NUEVA-4.jpg","width":297,"height":193,"caption":"Creanova School Sant Cugat. Learning by doing. educaci\u00f3n innovadora en Sant Cugat. Colegio privado Montesori. Colegio internacional Infantil, ESO, Primaria, Bachillerato.Inteligencia Artificial. Aleks. Labster. Pedagog\u00eda Montessori. Diploma Dual"},{"@type":"BreadcrumbList","@id":"https:\/\/creanovaschool.com\/2025\/afa-creanova-familias-que-sumamos\/#breadcrumb","itemListElement":[{"@type":"ListItem","position":1,"name":"Portada","item":"https:\/\/creanovaschool.com\/"},{"@type":"ListItem","position":2,"name":"AFA CreaNova: familias que sumamos"}]},{"@type":"WebSite","@id":"https:\/\/creanovaschool.com\/#website","url":"https:\/\/creanovaschool.com\/","name":"CreaNova School","description":"Learning by doing private school in Barcelona","publisher":{"@id":"https:\/\/creanovaschool.com\/#organization"},"potentialAction":[{"@type":"SearchAction","target":{"@type":"EntryPoint","urlTemplate":"https:\/\/creanovaschool.com\/?s={search_term_string}"},"query-input":{"@type":"PropertyValueSpecification","valueRequired":true,"valueName":"search_term_string"}}],"inLanguage":"ca"},{"@type":"Organization","@id":"https:\/\/creanovaschool.com\/#organization","name":"CreaNova School","url":"https:\/\/creanovaschool.com\/","logo":{"@type":"ImageObject","inLanguage":"ca","@id":"https:\/\/creanovaschool.com\/#\/schema\/logo\/image\/","url":"https:\/\/creanovaschool.com\/wp-content\/uploads\/2024\/07\/Logo_Creanova_claim.png","contentUrl":"https:\/\/creanovaschool.com\/wp-content\/uploads\/2024\/07\/Logo_Creanova_claim.png","width":2909,"height":960,"caption":"CreaNova School"},"image":{"@id":"https:\/\/creanovaschool.com\/#\/schema\/logo\/image\/"},"sameAs":["https:\/\/www.facebook.com\/collegi.creanova","https:\/\/x.com\/CollegiCreaNova","https:\/\/www.instagram.com\/collegicreanova\/","https:\/\/www.pinterest.com\/collegiCreaNova\/","https:\/\/www.youtube.com\/channel\/UCNAWIuULmSWS1gnVCYmnIIw"]},{"@type":"Person","@id":"https:\/\/creanovaschool.com\/#\/schema\/person\/bc31e364c1750c127046608ad51279e7","name":"EMAS","url":"https:\/\/creanovaschool.com\/ca\/author\/nestor-silvaemas-es\/"}]}},"_links":{"self":[{"href":"https:\/\/creanovaschool.com\/ca\/wp-json\/wp\/v2\/posts\/24638","targetHints":{"allow":["GET"]}}],"collection":[{"href":"https:\/\/creanovaschool.com\/ca\/wp-json\/wp\/v2\/posts"}],"about":[{"href":"https:\/\/creanovaschool.com\/ca\/wp-json\/wp\/v2\/types\/post"}],"author":[{"embeddable":true,"href":"https:\/\/creanovaschool.com\/ca\/wp-json\/wp\/v2\/users\/3"}],"replies":[{"embeddable":true,"href":"https:\/\/creanovaschool.com\/ca\/wp-json\/wp\/v2\/comments?post=24638"}],"version-history":[{"count":13,"href":"https:\/\/creanovaschool.com\/ca\/wp-json\/wp\/v2\/posts\/24638\/revisions"}],"predecessor-version":[{"id":24971,"href":"https:\/\/creanovaschool.com\/ca\/wp-json\/wp\/v2\/posts\/24638\/revisions\/24971"}],"wp:featuredmedia":[{"embeddable":true,"href":"https:\/\/creanovaschool.com\/ca\/wp-json\/wp\/v2\/media\/24639"}],"wp:attachment":[{"href":"https:\/\/creanovaschool.com\/ca\/wp-json\/wp\/v2\/media?parent=24638"}],"wp:term":[{"taxonomy":"category","embeddable":true,"href":"https:\/\/creanovaschool.com\/ca\/wp-json\/wp\/v2\/categories?post=24638"},{"taxonomy":"post_tag","embeddable":true,"href":"https:\/\/creanovaschool.com\/ca\/wp-json\/wp\/v2\/tags?post=24638"}],"curies":[{"name":"wp","href":"https:\/\/api.w.org\/{rel}","templated":true}]}}