{"id":25350,"date":"2025-10-25T11:43:30","date_gmt":"2025-10-25T10:43:30","guid":{"rendered":"https:\/\/creanovaschool.com\/?p=25350"},"modified":"2025-10-25T12:13:06","modified_gmt":"2025-10-25T11:13:06","slug":"dia-de-las-bibliotecas","status":"publish","type":"post","link":"https:\/\/creanovaschool.com\/ca\/2025\/dia-de-las-bibliotecas\/","title":{"rendered":"Dia de les Biblioteques"},"content":{"rendered":"<p>Cada 24 d&#039;octubre se celebra el Dia de les Biblioteques: un espai on viatjar a nous mons, perdre&#039;t-hi, per\u00f2 tamb\u00e9 recon\u00e8ixer-te i trobar-te. Com va dir James Baldwin: \u00abLlegeixes una cosa que creies una experi\u00e8ncia nom\u00e9s teva, i descobreixes que li va passar a Dostoievski fa cent anys. Aleshores sents un profund alliberament: comprens que no est\u00e0s sol en el teu dolor ni en la teva lluita. I aqu\u00ed \u00e9s on resideix la veritable import\u00e0ncia de l&#039;art\u00bb.<\/p>\n\n\n\n<p>A CreaNova School celebrem aquest dia tot recordant que les biblioteques no s\u00f3n nom\u00e9s llocs plens de llibres, sin\u00f3 tamb\u00e9 refugis d&#039;imaginaci\u00f3, coneixement i empatia. S\u00f3n portes obertes a altres vides, a altres veus ia la possibilitat de comprendre millor la nostra.<\/p>\n\n\n\n<p>A continuaci\u00f3, us presentem una selecci\u00f3 de ressenyes i recomanacions liter\u00e0ries creades amb entusiasme i sensibilitat pels nostres \u00e0vids lectors de l&#039;assemblea Maathai (2n d&#039;ESO), joves que descobreixen als llibres no nom\u00e9s hist\u00f2ries, sin\u00f3 tamb\u00e9 noves maneres de mirar i comprendre el m\u00f3n.<\/p>\n\n\n\n<p><strong>JR.<\/strong><\/p>\n\n\n\n<p>Un nen i la seva mala sort\u2026<\/p>\n\n\n\n<p><em>Diari de Greg, vella escola<\/em>, \u00e9s un llibre de l&#039;escriptor nord-americ\u00e0 Jeff Kinney, on Greg, un adolescent desgraciat, s&#039;ha d&#039;enfrontar a la seva mala sort.<\/p>\n\n\n\n<p>D&#039;aqu\u00ed poc la seva escola se n&#039;anir\u00e0 d&#039;excursi\u00f3, per\u00f2 ell, al principi, es negar\u00e0 a participar-hi.<\/p>\n\n\n\n<p>De sobte, un inesperat canvi de plans l&#039;obligar\u00e0 a enfrontar-s&#039;hi. Quins perills trobareu?<\/p>\n\n\n\n<p>Aquest llibre m&#039;ha agradat i el recomano per les seves bogeries gracioses i per les aventures que viu el protagonista, des de trencar el bany fins trobar la casa d&#039;un monstre.<\/p>\n\n\n\n<p>***<\/p>\n\n\n\n<p><strong>MF.<\/strong><\/p>\n\n\n\n<p>Hola! Avui us recomanar\u00e9 un llibre: <em>Petita hist\u00f2ria del m\u00f3n<\/em>, de Fernando Garc\u00eda de Cort\u00e1zar. Va ser publicat el 2009 per explicar diferents esdeveniments del passat d&#039;una manera senzilla i entretinguda.<\/p>\n\n\n\n<p>\u00c9s una obra que us submergir\u00e0 en l&#039;evoluci\u00f3 de la humanitat, des dels seus or\u00edgens fins a l&#039;actualitat. Sens dubte, 10\/10!<\/p>\n\n\n\n<p>***<\/p>\n\n\n\n<p><strong>EG.<\/strong><\/p>\n\n\n\n<p>Si t&#039;agraden els llibres de fantasia, et recomano la saga de llibres de <em>Harry Potter<\/em>, encara que avui nom\u00e9s t&#039;explicar\u00e9 sobre el primer: <em>Harry Potter i la pedra filosofal.<\/em>&nbsp;<\/p>\n\n\n\n<p>Aquest \u00e9s el primer llibre de la saga. Tracta sobre un nen orfe que, el dia del seu aniversari, s&#039;assabenta que els seus pares van ser grans mags. Aquest noi, Harry, \u00e9s un pobre nen que viu a casa del seu oncle, que el tracta molt malament.&nbsp;<\/p>\n\n\n\n<p>Gr\u00e0cies a la invitaci\u00f3 que li arriba de Hogwarts, l&#039;escola de m\u00e0gia, ell en podr\u00e0 sortir i fer molts amics. Viur\u00e0 grans aventures!<\/p>\n\n\n\n<p>A mi em va agradar m\u00e9s la pel\u00b7l\u00edcula, per\u00f2 el llibre est\u00e0 bo perqu\u00e8 t&#039;ho imagines tot i fas servir la teva creativitat.&nbsp;<\/p>\n\n\n\n<p>Va ser publicat l&#039;any 1997 per JK Rowling, l&#039;autora de tota la saga completa.<\/p>\n\n\n\n<p>***<\/p>\n\n\n\n<p><strong>SH.<\/strong><\/p>\n\n\n\n<p>T&#039;imagines que un dia caus en un arbre i destrosses un niu? No? Doncs a <em>Robot Salvatge<\/em>, escrit per Peter Brown, viur\u00e0s aquesta situaci\u00f3.<\/p>\n\n\n\n<p>Roz, un robot extraviat, ha de cuidar un \u00e0nec despr\u00e9s d&#039;haver provocat, accidentalment, la mort dels pares.<\/p>\n\n\n\n<p>Aquest llibre ho recomano molt perqu\u00e8 va ser dels primers llibres que realment em van agradar i que podia llegir sense cansar-me. Despr\u00e9s vaig veure tamb\u00e9 la pel\u00b7l\u00edcula, i vaig acabar d&#039;entendre la dificultat de ser mare.<\/p>\n\n\n\n<p>***<\/p>\n\n\n\n<p><strong>IA.<\/strong><\/p>\n\n\n\n<p>Qu\u00e8 faries si estiguessis atrapat en un laberint? Escaperies, et quedaries\u2026?<\/p>\n\n\n\n<p>Aquesta \u00e9s la hist\u00f2ria de <em>Maze Runner<\/em>, un llibre escrit per James Dashner el 2009.<\/p>\n\n\n\n<p>Tracta sobre un noi que es desperta atrapat en un laberint i no recorda res m\u00e9s que el seu nom. Despr\u00e9s d&#039;uns dies sense sortir-ne, comencen a passar coses estranyes\u2026<\/p>\n\n\n\n<p>El que m&#039;ha agradat m\u00e9s d&#039;aquesta hist\u00f2ria \u00e9s que enganxa des que comences. Ho recomano per a aquells a qui els van encantar <em>Els jocs de la fam <\/em>i <em>Divergent<\/em>, perqu\u00e8 <em>Maze Runner<\/em> tracta tamb\u00e9 de personatges atrapats per la societat. Per\u00f2... la societat actua aix\u00ed perqu\u00e8 \u00e9s dolenta? Ho sabr\u00e0s si llegeixes aquest llibre!<\/p>\n\n\n\n<p>***<\/p>\n\n\n\n<p><strong>NG.<\/strong><\/p>\n\n\n\n<p>En aquesta hist\u00f2ria, la mare de la nostra protagonista t\u00e9 una malaltia que, de moment, no t\u00e9 cura.&nbsp;<\/p>\n\n\n\n<p>La Nila, la seva filla, vol ajudar la seva mare i intentar descobrir un remei. Per aix\u00f2 haur\u00e0 de passar per innombrables proves i perills.<\/p>\n\n\n\n<p>Aquest llibre, <em>La filla de la Lluna<\/em>, escrit per Greta Xella i publicat el 2021 per Liana Editorial, \u00e9s una hist\u00f2ria preciosa que enlla\u00e7a fantasia i realitat. \u00c9s el llibre perfecte per a les tardes plujoses i quan busques una estona de calma.<\/p>\n\n\n\n<p>***<\/p>\n\n\n\n<p><strong>EX.<\/strong><\/p>\n\n\n\n<p>Avui us recomanar\u00e9 un llibre que vaig llegir. Es diu <em>Amanda Black, una her\u00e8ncia perillosa. <\/em>Els autors s\u00f3n B\u00e1rbara Montes i Juan G\u00f3mez-Jurado. La hist\u00f2ria tracta sobre les aventures d&#039;Amanda, una noia que, en fer 13 anys, li donen una carta en qu\u00e8 se li comunica que ha heretat una misteriosa mansi\u00f3. Per conservar-la, s&#039;haur\u00e0 d&#039;enfrontar a diferents desafiaments i descobrir per si mateixa la veritat sobre la mort dels pares i el llegat familiar que li correspon. Si t&#039;agraden els llibres plens de misteri, t&#039;ho recomano! Jo li dono cinc estrelles.<\/p>\n\n\n\n<p>***<\/p>\n\n\n\n<p><strong>CF.<\/strong><\/p>\n\n\n\n<p>Avui us recomanar\u00e9 un llibre que per mi \u00e9s el millor del m\u00f3n. Si us agrada el roman\u00e7, aquesta hist\u00f2ria \u00e9s per a vosaltres.<\/p>\n\n\n\n<p>El llibre es diu <em>Quan el cel es torni groc<\/em> i est\u00e0 escrit per l&#039;autora Nerea Pascual. Tracta sobre Lola, una adolescent el seu darrer any d&#039;institut. Ella \u00e9s plena d&#039;inquietuds sobre el seu futur i no sap qu\u00e8 fer amb la seva vida.<\/p>\n\n\n\n<p>Nico, per la seva banda, viu cada dia com si fos l&#039;\u00faltim i gaudeix molt del present perqu\u00e8 no sap qu\u00e8 passar\u00e0.&nbsp;<\/p>\n\n\n\n<p>Sense esperar-ho, els seus camins es creuen i, immediatament, es converteixen l&#039;un per a l&#039;altre: la persona perfecta al moment perfecte.<\/p>\n\n\n\n<p>Aquesta hist\u00f2ria transmet molt i, encara que hi ha moments durs, tamb\u00e9 hi ha moments de gran idil\u00b7li.<\/p>\n\n\n\n<p>***<\/p>\n\n\n\n<p><strong>LV.<\/strong><\/p>\n\n\n\n<p>Jo recomano el llibre <em>Assassinat per a principiants<\/em>, escrit per Holly Jackson.<\/p>\n\n\n\n<p>Aquest llibre tracta sobre una adolescent anomenada Pipa Fitz-Amobi, una noia que decideix investigar un cas: el d?Andie Bell, una jove de la seva mateixa edat que va desapar\u00e8ixer.<\/p>\n\n\n\n<p>Pipa pren el cas perqu\u00e8 no creu en la versi\u00f3 que la policia ha donat per cert. Decidida a descobrir la veritat pel seu compte, el llibre ens relata totes les aventures que viu durant la seva investigaci\u00f3, que s&#039;acaba convertint en el viatge de final de curs.<\/p>\n\n\n\n<p>***<\/p>\n\n\n\n<p><strong>AN.<\/strong><\/p>\n\n\n\n<p>Recomano el llibre <em>Els forasters del temps<\/em> perqu\u00e8 \u00e9s molt entretingut. Tracta sobre una fam\u00edlia, els Balbuena, que disposen de tot el temps del m\u00f3n per viatjar a trav\u00e9s de forats negres. En total, \u00e9s una col\u00b7lecci\u00f3 de 19 llibres\u2026 Aventures infinites!<\/p>\n\n\n\n<p>***<\/p>\n\n\n\n<p><strong>MS.<\/strong><\/p>\n\n\n\n<p>El t\u00edtol del llibre \u00e9s <em>El campament. <\/em>L&#039;autor de la novel\u00b7la \u00e9s Blue Jeans amb un altre thriller de ficci\u00f3. Es va publicar el 2021.<\/p>\n\n\n\n<p>La trama consisteix en la hist\u00f2ria de deu dels nois m\u00e9s prometedors del pa\u00eds, menors de 23 anys. Ells han estat convidats a un campament molt especial als Pirineus, ja que tots es morien per entrar... per\u00f2 tamb\u00e9 moriran si no surten.<\/p>\n\n\n\n<p>El precursor d&#039;aquesta idea \u00e9s un dels homes m\u00e9s rics d&#039;Espanya, que busca alg\u00fa jove que ajudi a donar una nova imatge al seu imperi i que, en un futur, ocupi el seu lloc.<\/p>\n\n\n\n<p>En aquest paratge id\u00edl\u00b7lic, seran preparats per convertir-se a la m\u00e0 dreta d&#039;aquest q\u00fcestionable milionari: per\u00f2 nom\u00e9s un aconseguir\u00e0 aconseguir-ho. Nom\u00e9s tindran un handicap: res de m\u00f2bils ni comunicaci\u00f3 amb l?exterior.<\/p>\n\n\n\n<p>Les coses marxaran segons all\u00f2 previst i els joves gaudiran de l&#039;experi\u00e8ncia fins que, el segon divendres de conviv\u00e8ncia, els coordinadors del grup desapareixeran i un dels joves desapareixer\u00e0 en estranyes circumst\u00e0ncies. A partir d&#039;aquell moment tot canviar\u00e0 i aniran succeint inesperats esdeveniments.<\/p>\n\n\n\n<p>Aquest llibre m&#039;agrada, ja que us atrapa amb els salts en el temps i les diferents perspectives de cadascun dels joves. T&#039;ho recomano!<\/p>\n\n\n\n<p>***<\/p>\n\n\n\n<p><strong>AF.<\/strong><\/p>\n\n\n\n<p>Una de vulgar, dos pr\u00ednceps, un l&#039;executor i un altre l&#039;hereu. Aquesta \u00e9s la hist\u00f2ria del primer llibre de la saga <em>Powerless.<\/em> Aquest llibre narra la hist\u00f2ria de Paedyn, que viu al regne d&#039;Ilya, un lloc on habiten les elits, els poderosos i els especials. Els vulgars, per contra, nom\u00e9s s\u00f3n aix\u00f2: vulgars.<\/p>\n\n\n\n<p>Quan el rei decreta que els vulgars seran eliminats per protegir les elits, converteix Paedyn Gray en una criminal per dest\u00ed i en una lladre per necessitat. A m\u00e9s, Paedyn salva l&#039;executor i es veu obligada a participar a les proves de la purga, unes proves fetes per exhibir els seus poders, dels quals ella no t\u00e9. Si les proves no la maten, ho faran els pr\u00ednceps quan s&#039;assabentin del que ella \u00e9s en realitat\u2026<\/p>\n\n\n\n<p>Aquest llibre est\u00e0 escrit per Lauren Roberts, del 2023. \u00c9s una saga de quatre llibres i els meus preferits s\u00f3n el tercer i el quart. Tots ells tenen una mica de roman\u00e7, desafiaments i fantasia.<\/p>","protected":false},"excerpt":{"rendered":"<p>Cada 24 d&#039;octubre se celebra el Dia de les Biblioteques: un espai on viatjar a nous mons, perdre&#039;t-hi, per\u00f2 tamb\u00e9 recon\u00e8ixer-te i trobar-te. <\/p>","protected":false},"author":12,"featured_media":25354,"comment_status":"closed","ping_status":"closed","sticky":false,"template":"","format":"standard","meta":{"footnotes":""},"categories":[12,1537],"tags":[],"class_list":["post-25350","post","type-post","status-publish","format-standard","has-post-thumbnail","hentry","category-noticias","category-revista"],"yoast_head":"<!-- This site is optimized with the Yoast SEO plugin v27.4 - https:\/\/yoast.com\/product\/yoast-seo-wordpress\/ -->\n<title>D\u00eda de las Bibliotecas - CreaNova School<\/title>\n<meta name=\"robots\" content=\"index, follow, max-snippet:-1, max-image-preview:large, max-video-preview:-1\" \/>\n<link rel=\"canonical\" href=\"https:\/\/creanovaschool.com\/ca\/2025\/dia-de-las-bibliotecas\/\" \/>\n<meta property=\"og:locale\" content=\"ca_ES\" \/>\n<meta property=\"og:type\" content=\"article\" \/>\n<meta property=\"og:title\" content=\"D\u00eda de las Bibliotecas - CreaNova School\" \/>\n<meta property=\"og:description\" content=\"Cada 24 de octubre se celebra el D\u00eda de las Bibliotecas: un espacio donde viajar a nuevos mundos, perderte en ellos, pero tambi\u00e9n reconocerte y encontrarte.\" \/>\n<meta property=\"og:url\" content=\"https:\/\/creanovaschool.com\/ca\/2025\/dia-de-las-bibliotecas\/\" \/>\n<meta property=\"og:site_name\" content=\"CreaNova School\" \/>\n<meta property=\"article:publisher\" content=\"https:\/\/www.facebook.com\/collegi.creanova\" \/>\n<meta property=\"article:published_time\" content=\"2025-10-25T10:43:30+00:00\" \/>\n<meta property=\"article:modified_time\" content=\"2025-10-25T11:13:06+00:00\" \/>\n<meta property=\"og:image\" content=\"https:\/\/creanovaschool.com\/wp-content\/uploads\/2025\/10\/libros2.jpg\" \/>\n\t<meta property=\"og:image:width\" content=\"1284\" \/>\n\t<meta property=\"og:image:height\" content=\"1299\" \/>\n\t<meta property=\"og:image:type\" content=\"image\/jpeg\" \/>\n<meta name=\"author\" content=\"Corina\" \/>\n<meta name=\"twitter:card\" content=\"summary_large_image\" \/>\n<meta name=\"twitter:creator\" content=\"@CollegiCreaNova\" \/>\n<meta name=\"twitter:site\" content=\"@CollegiCreaNova\" \/>\n<meta name=\"twitter:label1\" content=\"Escrit per\" \/>\n\t<meta name=\"twitter:data1\" content=\"Corina\" \/>\n\t<meta name=\"twitter:label2\" content=\"Temps estimat de lectura\" \/>\n\t<meta name=\"twitter:data2\" content=\"8 minuts\" \/>\n<script type=\"application\/ld+json\" class=\"yoast-schema-graph\">{\"@context\":\"https:\\\/\\\/schema.org\",\"@graph\":[{\"@type\":\"Article\",\"@id\":\"https:\\\/\\\/creanovaschool.com\\\/2025\\\/dia-de-las-bibliotecas\\\/#article\",\"isPartOf\":{\"@id\":\"https:\\\/\\\/creanovaschool.com\\\/2025\\\/dia-de-las-bibliotecas\\\/\"},\"author\":{\"name\":\"Corina\",\"@id\":\"https:\\\/\\\/creanovaschool.com\\\/#\\\/schema\\\/person\\\/45db05ba294773c69d4107bc6a60d677\"},\"headline\":\"D\u00eda de las Bibliotecas\",\"datePublished\":\"2025-10-25T10:43:30+00:00\",\"dateModified\":\"2025-10-25T11:13:06+00:00\",\"mainEntityOfPage\":{\"@id\":\"https:\\\/\\\/creanovaschool.com\\\/2025\\\/dia-de-las-bibliotecas\\\/\"},\"wordCount\":1598,\"publisher\":{\"@id\":\"https:\\\/\\\/creanovaschool.com\\\/#organization\"},\"image\":{\"@id\":\"https:\\\/\\\/creanovaschool.com\\\/2025\\\/dia-de-las-bibliotecas\\\/#primaryimage\"},\"thumbnailUrl\":\"https:\\\/\\\/creanovaschool.com\\\/wp-content\\\/uploads\\\/2025\\\/10\\\/libros2.jpg\",\"articleSection\":[\"Noticias\",\"Revista\"],\"inLanguage\":\"ca\"},{\"@type\":\"WebPage\",\"@id\":\"https:\\\/\\\/creanovaschool.com\\\/2025\\\/dia-de-las-bibliotecas\\\/\",\"url\":\"https:\\\/\\\/creanovaschool.com\\\/2025\\\/dia-de-las-bibliotecas\\\/\",\"name\":\"D\u00eda de las Bibliotecas - CreaNova School\",\"isPartOf\":{\"@id\":\"https:\\\/\\\/creanovaschool.com\\\/#website\"},\"primaryImageOfPage\":{\"@id\":\"https:\\\/\\\/creanovaschool.com\\\/2025\\\/dia-de-las-bibliotecas\\\/#primaryimage\"},\"image\":{\"@id\":\"https:\\\/\\\/creanovaschool.com\\\/2025\\\/dia-de-las-bibliotecas\\\/#primaryimage\"},\"thumbnailUrl\":\"https:\\\/\\\/creanovaschool.com\\\/wp-content\\\/uploads\\\/2025\\\/10\\\/libros2.jpg\",\"datePublished\":\"2025-10-25T10:43:30+00:00\",\"dateModified\":\"2025-10-25T11:13:06+00:00\",\"breadcrumb\":{\"@id\":\"https:\\\/\\\/creanovaschool.com\\\/2025\\\/dia-de-las-bibliotecas\\\/#breadcrumb\"},\"inLanguage\":\"ca\",\"potentialAction\":[{\"@type\":\"ReadAction\",\"target\":[\"https:\\\/\\\/creanovaschool.com\\\/2025\\\/dia-de-las-bibliotecas\\\/\"]}]},{\"@type\":\"ImageObject\",\"inLanguage\":\"ca\",\"@id\":\"https:\\\/\\\/creanovaschool.com\\\/2025\\\/dia-de-las-bibliotecas\\\/#primaryimage\",\"url\":\"https:\\\/\\\/creanovaschool.com\\\/wp-content\\\/uploads\\\/2025\\\/10\\\/libros2.jpg\",\"contentUrl\":\"https:\\\/\\\/creanovaschool.com\\\/wp-content\\\/uploads\\\/2025\\\/10\\\/libros2.jpg\",\"width\":1284,\"height\":1299,\"caption\":\"Creanova School Sant Cugat. Learning by doing. educaci\u00f3n innovadora en Sant Cugat. Colegio privado Montesori. Colegio internacional\"},{\"@type\":\"BreadcrumbList\",\"@id\":\"https:\\\/\\\/creanovaschool.com\\\/2025\\\/dia-de-las-bibliotecas\\\/#breadcrumb\",\"itemListElement\":[{\"@type\":\"ListItem\",\"position\":1,\"name\":\"Portada\",\"item\":\"https:\\\/\\\/creanovaschool.com\\\/\"},{\"@type\":\"ListItem\",\"position\":2,\"name\":\"D\u00eda de las Bibliotecas\"}]},{\"@type\":\"WebSite\",\"@id\":\"https:\\\/\\\/creanovaschool.com\\\/#website\",\"url\":\"https:\\\/\\\/creanovaschool.com\\\/\",\"name\":\"CreaNova School\",\"description\":\"Learning by doing private school in Barcelona\",\"publisher\":{\"@id\":\"https:\\\/\\\/creanovaschool.com\\\/#organization\"},\"potentialAction\":[{\"@type\":\"SearchAction\",\"target\":{\"@type\":\"EntryPoint\",\"urlTemplate\":\"https:\\\/\\\/creanovaschool.com\\\/?s={search_term_string}\"},\"query-input\":{\"@type\":\"PropertyValueSpecification\",\"valueRequired\":true,\"valueName\":\"search_term_string\"}}],\"inLanguage\":\"ca\"},{\"@type\":\"Organization\",\"@id\":\"https:\\\/\\\/creanovaschool.com\\\/#organization\",\"name\":\"CreaNova School\",\"url\":\"https:\\\/\\\/creanovaschool.com\\\/\",\"logo\":{\"@type\":\"ImageObject\",\"inLanguage\":\"ca\",\"@id\":\"https:\\\/\\\/creanovaschool.com\\\/#\\\/schema\\\/logo\\\/image\\\/\",\"url\":\"https:\\\/\\\/creanovaschool.com\\\/wp-content\\\/uploads\\\/2024\\\/07\\\/Logo_Creanova_claim.png\",\"contentUrl\":\"https:\\\/\\\/creanovaschool.com\\\/wp-content\\\/uploads\\\/2024\\\/07\\\/Logo_Creanova_claim.png\",\"width\":2909,\"height\":960,\"caption\":\"CreaNova School\"},\"image\":{\"@id\":\"https:\\\/\\\/creanovaschool.com\\\/#\\\/schema\\\/logo\\\/image\\\/\"},\"sameAs\":[\"https:\\\/\\\/www.facebook.com\\\/collegi.creanova\",\"https:\\\/\\\/x.com\\\/CollegiCreaNova\",\"https:\\\/\\\/www.instagram.com\\\/collegicreanova\\\/\",\"https:\\\/\\\/www.pinterest.com\\\/collegiCreaNova\\\/\",\"https:\\\/\\\/www.youtube.com\\\/channel\\\/UCNAWIuULmSWS1gnVCYmnIIw\"]},{\"@type\":\"Person\",\"@id\":\"https:\\\/\\\/creanovaschool.com\\\/#\\\/schema\\\/person\\\/45db05ba294773c69d4107bc6a60d677\",\"name\":\"Corina\",\"url\":\"https:\\\/\\\/creanovaschool.com\\\/ca\\\/author\\\/corina\\\/\"}]}<\/script>\n<!-- \/ Yoast SEO plugin. -->","yoast_head_json":{"title":"D\u00eda de las Bibliotecas - CreaNova School","robots":{"index":"index","follow":"follow","max-snippet":"max-snippet:-1","max-image-preview":"max-image-preview:large","max-video-preview":"max-video-preview:-1"},"canonical":"https:\/\/creanovaschool.com\/ca\/2025\/dia-de-las-bibliotecas\/","og_locale":"ca_ES","og_type":"article","og_title":"D\u00eda de las Bibliotecas - CreaNova School","og_description":"Cada 24 de octubre se celebra el D\u00eda de las Bibliotecas: un espacio donde viajar a nuevos mundos, perderte en ellos, pero tambi\u00e9n reconocerte y encontrarte.","og_url":"https:\/\/creanovaschool.com\/ca\/2025\/dia-de-las-bibliotecas\/","og_site_name":"CreaNova School","article_publisher":"https:\/\/www.facebook.com\/collegi.creanova","article_published_time":"2025-10-25T10:43:30+00:00","article_modified_time":"2025-10-25T11:13:06+00:00","og_image":[{"width":1284,"height":1299,"url":"https:\/\/creanovaschool.com\/wp-content\/uploads\/2025\/10\/libros2.jpg","type":"image\/jpeg"}],"author":"Corina","twitter_card":"summary_large_image","twitter_creator":"@CollegiCreaNova","twitter_site":"@CollegiCreaNova","twitter_misc":{"Escrit per":"Corina","Temps estimat de lectura":"8 minuts"},"schema":{"@context":"https:\/\/schema.org","@graph":[{"@type":"Article","@id":"https:\/\/creanovaschool.com\/2025\/dia-de-las-bibliotecas\/#article","isPartOf":{"@id":"https:\/\/creanovaschool.com\/2025\/dia-de-las-bibliotecas\/"},"author":{"name":"Corina","@id":"https:\/\/creanovaschool.com\/#\/schema\/person\/45db05ba294773c69d4107bc6a60d677"},"headline":"D\u00eda de las Bibliotecas","datePublished":"2025-10-25T10:43:30+00:00","dateModified":"2025-10-25T11:13:06+00:00","mainEntityOfPage":{"@id":"https:\/\/creanovaschool.com\/2025\/dia-de-las-bibliotecas\/"},"wordCount":1598,"publisher":{"@id":"https:\/\/creanovaschool.com\/#organization"},"image":{"@id":"https:\/\/creanovaschool.com\/2025\/dia-de-las-bibliotecas\/#primaryimage"},"thumbnailUrl":"https:\/\/creanovaschool.com\/wp-content\/uploads\/2025\/10\/libros2.jpg","articleSection":["Noticias","Revista"],"inLanguage":"ca"},{"@type":"WebPage","@id":"https:\/\/creanovaschool.com\/2025\/dia-de-las-bibliotecas\/","url":"https:\/\/creanovaschool.com\/2025\/dia-de-las-bibliotecas\/","name":"D\u00eda de las Bibliotecas - CreaNova School","isPartOf":{"@id":"https:\/\/creanovaschool.com\/#website"},"primaryImageOfPage":{"@id":"https:\/\/creanovaschool.com\/2025\/dia-de-las-bibliotecas\/#primaryimage"},"image":{"@id":"https:\/\/creanovaschool.com\/2025\/dia-de-las-bibliotecas\/#primaryimage"},"thumbnailUrl":"https:\/\/creanovaschool.com\/wp-content\/uploads\/2025\/10\/libros2.jpg","datePublished":"2025-10-25T10:43:30+00:00","dateModified":"2025-10-25T11:13:06+00:00","breadcrumb":{"@id":"https:\/\/creanovaschool.com\/2025\/dia-de-las-bibliotecas\/#breadcrumb"},"inLanguage":"ca","potentialAction":[{"@type":"ReadAction","target":["https:\/\/creanovaschool.com\/2025\/dia-de-las-bibliotecas\/"]}]},{"@type":"ImageObject","inLanguage":"ca","@id":"https:\/\/creanovaschool.com\/2025\/dia-de-las-bibliotecas\/#primaryimage","url":"https:\/\/creanovaschool.com\/wp-content\/uploads\/2025\/10\/libros2.jpg","contentUrl":"https:\/\/creanovaschool.com\/wp-content\/uploads\/2025\/10\/libros2.jpg","width":1284,"height":1299,"caption":"Creanova School Sant Cugat. Learning by doing. educaci\u00f3n innovadora en Sant Cugat. Colegio privado Montesori. Colegio internacional"},{"@type":"BreadcrumbList","@id":"https:\/\/creanovaschool.com\/2025\/dia-de-las-bibliotecas\/#breadcrumb","itemListElement":[{"@type":"ListItem","position":1,"name":"Portada","item":"https:\/\/creanovaschool.com\/"},{"@type":"ListItem","position":2,"name":"D\u00eda de las Bibliotecas"}]},{"@type":"WebSite","@id":"https:\/\/creanovaschool.com\/#website","url":"https:\/\/creanovaschool.com\/","name":"CreaNova School","description":"Learning by doing private school in Barcelona","publisher":{"@id":"https:\/\/creanovaschool.com\/#organization"},"potentialAction":[{"@type":"SearchAction","target":{"@type":"EntryPoint","urlTemplate":"https:\/\/creanovaschool.com\/?s={search_term_string}"},"query-input":{"@type":"PropertyValueSpecification","valueRequired":true,"valueName":"search_term_string"}}],"inLanguage":"ca"},{"@type":"Organization","@id":"https:\/\/creanovaschool.com\/#organization","name":"CreaNova School","url":"https:\/\/creanovaschool.com\/","logo":{"@type":"ImageObject","inLanguage":"ca","@id":"https:\/\/creanovaschool.com\/#\/schema\/logo\/image\/","url":"https:\/\/creanovaschool.com\/wp-content\/uploads\/2024\/07\/Logo_Creanova_claim.png","contentUrl":"https:\/\/creanovaschool.com\/wp-content\/uploads\/2024\/07\/Logo_Creanova_claim.png","width":2909,"height":960,"caption":"CreaNova School"},"image":{"@id":"https:\/\/creanovaschool.com\/#\/schema\/logo\/image\/"},"sameAs":["https:\/\/www.facebook.com\/collegi.creanova","https:\/\/x.com\/CollegiCreaNova","https:\/\/www.instagram.com\/collegicreanova\/","https:\/\/www.pinterest.com\/collegiCreaNova\/","https:\/\/www.youtube.com\/channel\/UCNAWIuULmSWS1gnVCYmnIIw"]},{"@type":"Person","@id":"https:\/\/creanovaschool.com\/#\/schema\/person\/45db05ba294773c69d4107bc6a60d677","name":"Corina","url":"https:\/\/creanovaschool.com\/ca\/author\/corina\/"}]}},"_links":{"self":[{"href":"https:\/\/creanovaschool.com\/ca\/wp-json\/wp\/v2\/posts\/25350","targetHints":{"allow":["GET"]}}],"collection":[{"href":"https:\/\/creanovaschool.com\/ca\/wp-json\/wp\/v2\/posts"}],"about":[{"href":"https:\/\/creanovaschool.com\/ca\/wp-json\/wp\/v2\/types\/post"}],"author":[{"embeddable":true,"href":"https:\/\/creanovaschool.com\/ca\/wp-json\/wp\/v2\/users\/12"}],"replies":[{"embeddable":true,"href":"https:\/\/creanovaschool.com\/ca\/wp-json\/wp\/v2\/comments?post=25350"}],"version-history":[{"count":2,"href":"https:\/\/creanovaschool.com\/ca\/wp-json\/wp\/v2\/posts\/25350\/revisions"}],"predecessor-version":[{"id":25355,"href":"https:\/\/creanovaschool.com\/ca\/wp-json\/wp\/v2\/posts\/25350\/revisions\/25355"}],"wp:featuredmedia":[{"embeddable":true,"href":"https:\/\/creanovaschool.com\/ca\/wp-json\/wp\/v2\/media\/25354"}],"wp:attachment":[{"href":"https:\/\/creanovaschool.com\/ca\/wp-json\/wp\/v2\/media?parent=25350"}],"wp:term":[{"taxonomy":"category","embeddable":true,"href":"https:\/\/creanovaschool.com\/ca\/wp-json\/wp\/v2\/categories?post=25350"},{"taxonomy":"post_tag","embeddable":true,"href":"https:\/\/creanovaschool.com\/ca\/wp-json\/wp\/v2\/tags?post=25350"}],"curies":[{"name":"wp","href":"https:\/\/api.w.org\/{rel}","templated":true}]}}