{"id":13876,"date":"2021-05-26T05:57:45","date_gmt":"2021-05-26T05:57:45","guid":{"rendered":"https:\/\/creanovaschool.com\/?p=13876"},"modified":"2021-05-26T07:01:10","modified_gmt":"2021-05-26T07:01:10","slug":"internet-xerrada-colloqui-amb-els-mossos-desquadra","status":"publish","type":"post","link":"https:\/\/creanovaschool.com\/en\/2021\/internet-xerrada-colloqui-amb-els-mossos-desquadra\/","title":{"rendered":"We don&#039;t have to prohibit them, but rather give them a good use! \u2013 Xerrada col loqui with the Mossos d&#039;Esquadra"},"content":{"rendered":"<p>Els alumnes de Secund\u00e0ria de CreaNova han tingut l\u2019oportunitat de parlar, debatre i aclarir dubtes sobre les xarxes socials i l\u2019\u00fas d\u2019internet.&nbsp;<br \/>\n<!--more-->De la m\u00e0 dels especialistes del cos de <a href=\"https:\/\/mossos.gencat.cat\/ca\/inici\/\" target=\"_blank\" rel=\"noopener\"><strong>Mossos d\u2019Esquadra<\/strong><\/a> hem analitzat quin \u00fas estem fent de les xarxes, qu\u00e8 \u00e9s un contingut sospit\u00f3s, quin contingut \u00e9s considerat delicte i quines en poden ser les conseq\u00fc\u00e8ncies.<\/p>\n<p>Sovint no som conscients de situacions quasi irreversibles en les que podem inc\u00f3rrer i que poden malmetre l\u2019identitat i l\u2019integritat d\u2019altres persones, companys, fam\u00edlia, etc.<\/p>\n<p><strong>La xerrada-col\u00b7loqui ens ha perm\u00e8s posar sobre la taula diversos escenaris \u2018reals\u2019 de situacions quotidianes i prendre consci\u00e8ncia pr\u00e8via per tal d\u2019evitar-les, detectar-les i, si cal, denunciar-les.<\/strong><\/p>\n<p>La tecnologia avan\u00e7a a passos gegantins posant a l\u2019abast infinitat d\u2019eines i recursos que, fent-ne un bon \u00fas, formen part del nostre dia a dia i s\u00f3n grans eines de comunicaci\u00f3, per\u00f2 cal estar alerta i con\u00e8ixer tamb\u00e9 el costat \u2018obscur\u2019 fent un bon an\u00e0lisi i evitant, sobretot, la impulsivitat i la por.<\/p>\n<p>[ngg src=\u00bbgalleries\u00bb ids=\u00bb55&#8243; display=\u00bbbasic_thumbnail\u00bb]<\/p>\n","protected":false},"excerpt":{"rendered":"<p>CreaNova Secondary School students have had the opportunity to talk, debate and clarify doubts about social contexts and Internet usage.&nbsp;<\/p>","protected":false},"author":8,"featured_media":13863,"comment_status":"closed","ping_status":"open","sticky":false,"template":"","format":"standard","meta":{"footnotes":""},"categories":[11],"tags":[809,999,1007,1001,1005,1003,179,997],"class_list":["post-13876","post","type-post","status-publish","format-standard","has-post-thumbnail","hentry","category-sin-categorizar","tag-2021-ca","tag-internet-ca","tag-mossos-desquadra-ca-2","tag-mossos-desquadra-ca","tag-seguretat","tag-xarxes-socials","tag-xerrada","tag-xerrada-ca"],"yoast_head":"<!-- This site is optimized with the Yoast SEO plugin v27.5 - https:\/\/yoast.com\/product\/yoast-seo-wordpress\/ -->\n<title>No hem de prohibir-les, sin\u00f3 fer-ne un bon \u00fas! - Xerrada col\u00b7loqui amb els Mossos d\u2019Esquadra<\/title>\n<meta name=\"description\" content=\"Els alumnes de Secund\u00e0ria de CreaNova han tingut l\u2019oportunitat de parlar, debatre i aclarir dubtes sobre les xarxes socials i l\u2019\u00fas d\u2019internet.\" \/>\n<meta name=\"robots\" content=\"index, follow, max-snippet:-1, max-image-preview:large, max-video-preview:-1\" \/>\n<link rel=\"canonical\" href=\"https:\/\/creanovaschool.com\/en\/2021\/internet-xerrada-colloqui-amb-els-mossos-desquadra\/\" \/>\n<meta property=\"og:locale\" content=\"en_GB\" \/>\n<meta property=\"og:type\" content=\"article\" \/>\n<meta property=\"og:title\" content=\"No hem de prohibir-les, sin\u00f3 fer-ne un bon \u00fas! - Xerrada col\u00b7loqui amb els Mossos d\u2019Esquadra\" \/>\n<meta property=\"og:description\" content=\"Els alumnes de Secund\u00e0ria de CreaNova han tingut l\u2019oportunitat de parlar, debatre i aclarir dubtes sobre les xarxes socials i l\u2019\u00fas d\u2019internet.\" \/>\n<meta property=\"og:url\" content=\"https:\/\/creanovaschool.com\/en\/2021\/internet-xerrada-colloqui-amb-els-mossos-desquadra\/\" \/>\n<meta property=\"og:site_name\" content=\"CreaNova School\" \/>\n<meta property=\"article:publisher\" content=\"https:\/\/www.facebook.com\/collegi.creanova\" \/>\n<meta property=\"article:published_time\" content=\"2021-05-26T05:57:45+00:00\" \/>\n<meta property=\"article:modified_time\" content=\"2021-05-26T07:01:10+00:00\" \/>\n<meta property=\"og:image\" content=\"https:\/\/creanovaschool.com\/wp-content\/uploads\/2021\/05\/xerrada-mossos-esquadra-internet-collegi-creanova-2021-preview.jpg\" \/>\n\t<meta property=\"og:image:width\" content=\"955\" \/>\n\t<meta property=\"og:image:height\" content=\"519\" \/>\n\t<meta property=\"og:image:type\" content=\"image\/jpeg\" \/>\n<meta name=\"author\" content=\"Silvia Ben\u00edtez\" \/>\n<meta name=\"twitter:card\" content=\"summary_large_image\" \/>\n<meta name=\"twitter:creator\" content=\"@CollegiCreaNova\" \/>\n<meta name=\"twitter:site\" content=\"@CollegiCreaNova\" \/>\n<meta name=\"twitter:label1\" content=\"Written by\" \/>\n\t<meta name=\"twitter:data1\" content=\"Silvia Ben\u00edtez\" \/>\n\t<meta name=\"twitter:label2\" content=\"Estimated reading time\" \/>\n\t<meta name=\"twitter:data2\" content=\"1 minute\" \/>\n<script type=\"application\/ld+json\" class=\"yoast-schema-graph\">{\"@context\":\"https:\\\/\\\/schema.org\",\"@graph\":[{\"@type\":\"Article\",\"@id\":\"https:\\\/\\\/creanovaschool.com\\\/ca\\\/2021\\\/internet-xerrada-colloqui-amb-els-mossos-desquadra\\\/#article\",\"isPartOf\":{\"@id\":\"https:\\\/\\\/creanovaschool.com\\\/ca\\\/2021\\\/internet-xerrada-colloqui-amb-els-mossos-desquadra\\\/\"},\"author\":{\"name\":\"Silvia Ben\u00edtez\",\"@id\":\"https:\\\/\\\/creanovaschool.com\\\/#\\\/schema\\\/person\\\/76233ea477e705c16ea3af835fec0f15\"},\"headline\":\"No hem de prohibir-les, sin\u00f3 fer-ne un bon \u00fas! &#8211; Xerrada col\u00b7loqui amb els Mossos d\u2019Esquadra\",\"datePublished\":\"2021-05-26T05:57:45+00:00\",\"dateModified\":\"2021-05-26T07:01:10+00:00\",\"mainEntityOfPage\":{\"@id\":\"https:\\\/\\\/creanovaschool.com\\\/ca\\\/2021\\\/internet-xerrada-colloqui-amb-els-mossos-desquadra\\\/\"},\"wordCount\":212,\"publisher\":{\"@id\":\"https:\\\/\\\/creanovaschool.com\\\/#organization\"},\"image\":{\"@id\":\"https:\\\/\\\/creanovaschool.com\\\/ca\\\/2021\\\/internet-xerrada-colloqui-amb-els-mossos-desquadra\\\/#primaryimage\"},\"thumbnailUrl\":\"https:\\\/\\\/creanovaschool.com\\\/wp-content\\\/uploads\\\/2021\\\/05\\\/xerrada-mossos-esquadra-internet-collegi-creanova-2021-preview.jpg\",\"keywords\":[\"2021\",\"internet\",\"mossos d'esquadra\",\"mossos d&#039;esquadra\",\"seguretat\",\"xarxes socials\",\"xerrada\",\"xerrada\"],\"articleSection\":[\"Sin categorizar\"],\"inLanguage\":\"en-GB\"},{\"@type\":\"WebPage\",\"@id\":\"https:\\\/\\\/creanovaschool.com\\\/ca\\\/2021\\\/internet-xerrada-colloqui-amb-els-mossos-desquadra\\\/\",\"url\":\"https:\\\/\\\/creanovaschool.com\\\/ca\\\/2021\\\/internet-xerrada-colloqui-amb-els-mossos-desquadra\\\/\",\"name\":\"No hem de prohibir-les, sin\u00f3 fer-ne un bon \u00fas! - Xerrada col\u00b7loqui amb els Mossos d\u2019Esquadra\",\"isPartOf\":{\"@id\":\"https:\\\/\\\/creanovaschool.com\\\/#website\"},\"primaryImageOfPage\":{\"@id\":\"https:\\\/\\\/creanovaschool.com\\\/ca\\\/2021\\\/internet-xerrada-colloqui-amb-els-mossos-desquadra\\\/#primaryimage\"},\"image\":{\"@id\":\"https:\\\/\\\/creanovaschool.com\\\/ca\\\/2021\\\/internet-xerrada-colloqui-amb-els-mossos-desquadra\\\/#primaryimage\"},\"thumbnailUrl\":\"https:\\\/\\\/creanovaschool.com\\\/wp-content\\\/uploads\\\/2021\\\/05\\\/xerrada-mossos-esquadra-internet-collegi-creanova-2021-preview.jpg\",\"datePublished\":\"2021-05-26T05:57:45+00:00\",\"dateModified\":\"2021-05-26T07:01:10+00:00\",\"description\":\"Els alumnes de Secund\u00e0ria de CreaNova han tingut l\u2019oportunitat de parlar, debatre i aclarir dubtes sobre les xarxes socials i l\u2019\u00fas d\u2019internet.\",\"breadcrumb\":{\"@id\":\"https:\\\/\\\/creanovaschool.com\\\/ca\\\/2021\\\/internet-xerrada-colloqui-amb-els-mossos-desquadra\\\/#breadcrumb\"},\"inLanguage\":\"en-GB\",\"potentialAction\":[{\"@type\":\"ReadAction\",\"target\":[\"https:\\\/\\\/creanovaschool.com\\\/ca\\\/2021\\\/internet-xerrada-colloqui-amb-els-mossos-desquadra\\\/\"]}]},{\"@type\":\"ImageObject\",\"inLanguage\":\"en-GB\",\"@id\":\"https:\\\/\\\/creanovaschool.com\\\/ca\\\/2021\\\/internet-xerrada-colloqui-amb-els-mossos-desquadra\\\/#primaryimage\",\"url\":\"https:\\\/\\\/creanovaschool.com\\\/wp-content\\\/uploads\\\/2021\\\/05\\\/xerrada-mossos-esquadra-internet-collegi-creanova-2021-preview.jpg\",\"contentUrl\":\"https:\\\/\\\/creanovaschool.com\\\/wp-content\\\/uploads\\\/2021\\\/05\\\/xerrada-mossos-esquadra-internet-collegi-creanova-2021-preview.jpg\",\"width\":955,\"height\":519,\"caption\":\"parlar, debatre i aclarir dubtes sobre les xarxes socials i l\u2019\u00fas d\u2019internet\"},{\"@type\":\"BreadcrumbList\",\"@id\":\"https:\\\/\\\/creanovaschool.com\\\/ca\\\/2021\\\/internet-xerrada-colloqui-amb-els-mossos-desquadra\\\/#breadcrumb\",\"itemListElement\":[{\"@type\":\"ListItem\",\"position\":1,\"name\":\"Portada\",\"item\":\"https:\\\/\\\/creanovaschool.com\\\/\"},{\"@type\":\"ListItem\",\"position\":2,\"name\":\"No hem de prohibir-les, sin\u00f3 fer-ne un bon \u00fas! &#8211; Xerrada col\u00b7loqui amb els Mossos d\u2019Esquadra\"}]},{\"@type\":\"WebSite\",\"@id\":\"https:\\\/\\\/creanovaschool.com\\\/#website\",\"url\":\"https:\\\/\\\/creanovaschool.com\\\/\",\"name\":\"CreaNova School\",\"description\":\"Learning by doing private school in Barcelona\",\"publisher\":{\"@id\":\"https:\\\/\\\/creanovaschool.com\\\/#organization\"},\"potentialAction\":[{\"@type\":\"SearchAction\",\"target\":{\"@type\":\"EntryPoint\",\"urlTemplate\":\"https:\\\/\\\/creanovaschool.com\\\/?s={search_term_string}\"},\"query-input\":{\"@type\":\"PropertyValueSpecification\",\"valueRequired\":true,\"valueName\":\"search_term_string\"}}],\"inLanguage\":\"en-GB\"},{\"@type\":\"Organization\",\"@id\":\"https:\\\/\\\/creanovaschool.com\\\/#organization\",\"name\":\"CreaNova School\",\"url\":\"https:\\\/\\\/creanovaschool.com\\\/\",\"logo\":{\"@type\":\"ImageObject\",\"inLanguage\":\"en-GB\",\"@id\":\"https:\\\/\\\/creanovaschool.com\\\/#\\\/schema\\\/logo\\\/image\\\/\",\"url\":\"https:\\\/\\\/creanovaschool.com\\\/wp-content\\\/uploads\\\/2024\\\/07\\\/Logo_Creanova_claim.png\",\"contentUrl\":\"https:\\\/\\\/creanovaschool.com\\\/wp-content\\\/uploads\\\/2024\\\/07\\\/Logo_Creanova_claim.png\",\"width\":2909,\"height\":960,\"caption\":\"CreaNova School\"},\"image\":{\"@id\":\"https:\\\/\\\/creanovaschool.com\\\/#\\\/schema\\\/logo\\\/image\\\/\"},\"sameAs\":[\"https:\\\/\\\/www.facebook.com\\\/collegi.creanova\",\"https:\\\/\\\/x.com\\\/CollegiCreaNova\",\"https:\\\/\\\/www.instagram.com\\\/collegicreanova\\\/\",\"https:\\\/\\\/www.pinterest.com\\\/collegiCreaNova\\\/\",\"https:\\\/\\\/www.youtube.com\\\/channel\\\/UCNAWIuULmSWS1gnVCYmnIIw\"]},{\"@type\":\"Person\",\"@id\":\"https:\\\/\\\/creanovaschool.com\\\/#\\\/schema\\\/person\\\/76233ea477e705c16ea3af835fec0f15\",\"name\":\"Silvia Ben\u00edtez\",\"url\":\"https:\\\/\\\/creanovaschool.com\\\/en\\\/author\\\/silvia-benitez\\\/\"}]}<\/script>\n<!-- \/ Yoast SEO plugin. -->","yoast_head_json":{"title":"We must not ban them, but make good use of them! - Xerrada col-loqui amb els Mossos d'Esquadra","description":"CreaNova Secondary School students have had the opportunity to talk, debate and clarify doubts about social contexts and Internet usage.","robots":{"index":"index","follow":"follow","max-snippet":"max-snippet:-1","max-image-preview":"max-image-preview:large","max-video-preview":"max-video-preview:-1"},"canonical":"https:\/\/creanovaschool.com\/en\/2021\/internet-xerrada-colloqui-amb-els-mossos-desquadra\/","og_locale":"en_GB","og_type":"article","og_title":"No hem de prohibir-les, sin\u00f3 fer-ne un bon \u00fas! - Xerrada col\u00b7loqui amb els Mossos d\u2019Esquadra","og_description":"Els alumnes de Secund\u00e0ria de CreaNova han tingut l\u2019oportunitat de parlar, debatre i aclarir dubtes sobre les xarxes socials i l\u2019\u00fas d\u2019internet.","og_url":"https:\/\/creanovaschool.com\/en\/2021\/internet-xerrada-colloqui-amb-els-mossos-desquadra\/","og_site_name":"CreaNova School","article_publisher":"https:\/\/www.facebook.com\/collegi.creanova","article_published_time":"2021-05-26T05:57:45+00:00","article_modified_time":"2021-05-26T07:01:10+00:00","og_image":[{"width":955,"height":519,"url":"https:\/\/creanovaschool.com\/wp-content\/uploads\/2021\/05\/xerrada-mossos-esquadra-internet-collegi-creanova-2021-preview.jpg","type":"image\/jpeg"}],"author":"Silvia Ben\u00edtez","twitter_card":"summary_large_image","twitter_creator":"@CollegiCreaNova","twitter_site":"@CollegiCreaNova","twitter_misc":{"Written by":"Silvia Ben\u00edtez","Estimated reading time":"1 minute"},"schema":{"@context":"https:\/\/schema.org","@graph":[{"@type":"Article","@id":"https:\/\/creanovaschool.com\/ca\/2021\/internet-xerrada-colloqui-amb-els-mossos-desquadra\/#article","isPartOf":{"@id":"https:\/\/creanovaschool.com\/ca\/2021\/internet-xerrada-colloqui-amb-els-mossos-desquadra\/"},"author":{"name":"Silvia Ben\u00edtez","@id":"https:\/\/creanovaschool.com\/#\/schema\/person\/76233ea477e705c16ea3af835fec0f15"},"headline":"No hem de prohibir-les, sin\u00f3 fer-ne un bon \u00fas! &#8211; Xerrada col\u00b7loqui amb els Mossos d\u2019Esquadra","datePublished":"2021-05-26T05:57:45+00:00","dateModified":"2021-05-26T07:01:10+00:00","mainEntityOfPage":{"@id":"https:\/\/creanovaschool.com\/ca\/2021\/internet-xerrada-colloqui-amb-els-mossos-desquadra\/"},"wordCount":212,"publisher":{"@id":"https:\/\/creanovaschool.com\/#organization"},"image":{"@id":"https:\/\/creanovaschool.com\/ca\/2021\/internet-xerrada-colloqui-amb-els-mossos-desquadra\/#primaryimage"},"thumbnailUrl":"https:\/\/creanovaschool.com\/wp-content\/uploads\/2021\/05\/xerrada-mossos-esquadra-internet-collegi-creanova-2021-preview.jpg","keywords":["2021","internet","mossos d'esquadra","mossos d&#039;esquadra","seguretat","xarxes socials","xerrada","xerrada"],"articleSection":["Sin categorizar"],"inLanguage":"en-GB"},{"@type":"WebPage","@id":"https:\/\/creanovaschool.com\/ca\/2021\/internet-xerrada-colloqui-amb-els-mossos-desquadra\/","url":"https:\/\/creanovaschool.com\/ca\/2021\/internet-xerrada-colloqui-amb-els-mossos-desquadra\/","name":"We must not ban them, but make good use of them! - Xerrada col-loqui amb els Mossos d'Esquadra","isPartOf":{"@id":"https:\/\/creanovaschool.com\/#website"},"primaryImageOfPage":{"@id":"https:\/\/creanovaschool.com\/ca\/2021\/internet-xerrada-colloqui-amb-els-mossos-desquadra\/#primaryimage"},"image":{"@id":"https:\/\/creanovaschool.com\/ca\/2021\/internet-xerrada-colloqui-amb-els-mossos-desquadra\/#primaryimage"},"thumbnailUrl":"https:\/\/creanovaschool.com\/wp-content\/uploads\/2021\/05\/xerrada-mossos-esquadra-internet-collegi-creanova-2021-preview.jpg","datePublished":"2021-05-26T05:57:45+00:00","dateModified":"2021-05-26T07:01:10+00:00","description":"CreaNova Secondary School students have had the opportunity to talk, debate and clarify doubts about social contexts and Internet usage.","breadcrumb":{"@id":"https:\/\/creanovaschool.com\/ca\/2021\/internet-xerrada-colloqui-amb-els-mossos-desquadra\/#breadcrumb"},"inLanguage":"en-GB","potentialAction":[{"@type":"ReadAction","target":["https:\/\/creanovaschool.com\/ca\/2021\/internet-xerrada-colloqui-amb-els-mossos-desquadra\/"]}]},{"@type":"ImageObject","inLanguage":"en-GB","@id":"https:\/\/creanovaschool.com\/ca\/2021\/internet-xerrada-colloqui-amb-els-mossos-desquadra\/#primaryimage","url":"https:\/\/creanovaschool.com\/wp-content\/uploads\/2021\/05\/xerrada-mossos-esquadra-internet-collegi-creanova-2021-preview.jpg","contentUrl":"https:\/\/creanovaschool.com\/wp-content\/uploads\/2021\/05\/xerrada-mossos-esquadra-internet-collegi-creanova-2021-preview.jpg","width":955,"height":519,"caption":"parlar, debatre i aclarir dubtes sobre les xarxes socials i l\u2019\u00fas d\u2019internet"},{"@type":"BreadcrumbList","@id":"https:\/\/creanovaschool.com\/ca\/2021\/internet-xerrada-colloqui-amb-els-mossos-desquadra\/#breadcrumb","itemListElement":[{"@type":"ListItem","position":1,"name":"Portada","item":"https:\/\/creanovaschool.com\/"},{"@type":"ListItem","position":2,"name":"No hem de prohibir-les, sin\u00f3 fer-ne un bon \u00fas! &#8211; Xerrada col\u00b7loqui amb els Mossos d\u2019Esquadra"}]},{"@type":"WebSite","@id":"https:\/\/creanovaschool.com\/#website","url":"https:\/\/creanovaschool.com\/","name":"CreaNova School","description":"Learning by doing private school in Barcelona","publisher":{"@id":"https:\/\/creanovaschool.com\/#organization"},"potentialAction":[{"@type":"SearchAction","target":{"@type":"EntryPoint","urlTemplate":"https:\/\/creanovaschool.com\/?s={search_term_string}"},"query-input":{"@type":"PropertyValueSpecification","valueRequired":true,"valueName":"search_term_string"}}],"inLanguage":"en-GB"},{"@type":"Organization","@id":"https:\/\/creanovaschool.com\/#organization","name":"CreaNova School","url":"https:\/\/creanovaschool.com\/","logo":{"@type":"ImageObject","inLanguage":"en-GB","@id":"https:\/\/creanovaschool.com\/#\/schema\/logo\/image\/","url":"https:\/\/creanovaschool.com\/wp-content\/uploads\/2024\/07\/Logo_Creanova_claim.png","contentUrl":"https:\/\/creanovaschool.com\/wp-content\/uploads\/2024\/07\/Logo_Creanova_claim.png","width":2909,"height":960,"caption":"CreaNova School"},"image":{"@id":"https:\/\/creanovaschool.com\/#\/schema\/logo\/image\/"},"sameAs":["https:\/\/www.facebook.com\/collegi.creanova","https:\/\/x.com\/CollegiCreaNova","https:\/\/www.instagram.com\/collegicreanova\/","https:\/\/www.pinterest.com\/collegiCreaNova\/","https:\/\/www.youtube.com\/channel\/UCNAWIuULmSWS1gnVCYmnIIw"]},{"@type":"Person","@id":"https:\/\/creanovaschool.com\/#\/schema\/person\/76233ea477e705c16ea3af835fec0f15","name":"Silvia Ben\u00edtez","url":"https:\/\/creanovaschool.com\/en\/author\/silvia-benitez\/"}]}},"_links":{"self":[{"href":"https:\/\/creanovaschool.com\/en\/wp-json\/wp\/v2\/posts\/13876","targetHints":{"allow":["GET"]}}],"collection":[{"href":"https:\/\/creanovaschool.com\/en\/wp-json\/wp\/v2\/posts"}],"about":[{"href":"https:\/\/creanovaschool.com\/en\/wp-json\/wp\/v2\/types\/post"}],"author":[{"embeddable":true,"href":"https:\/\/creanovaschool.com\/en\/wp-json\/wp\/v2\/users\/8"}],"replies":[{"embeddable":true,"href":"https:\/\/creanovaschool.com\/en\/wp-json\/wp\/v2\/comments?post=13876"}],"version-history":[{"count":1,"href":"https:\/\/creanovaschool.com\/en\/wp-json\/wp\/v2\/posts\/13876\/revisions"}],"predecessor-version":[{"id":13878,"href":"https:\/\/creanovaschool.com\/en\/wp-json\/wp\/v2\/posts\/13876\/revisions\/13878"}],"wp:featuredmedia":[{"embeddable":true,"href":"https:\/\/creanovaschool.com\/en\/wp-json\/wp\/v2\/media\/13863"}],"wp:attachment":[{"href":"https:\/\/creanovaschool.com\/en\/wp-json\/wp\/v2\/media?parent=13876"}],"wp:term":[{"taxonomy":"category","embeddable":true,"href":"https:\/\/creanovaschool.com\/en\/wp-json\/wp\/v2\/categories?post=13876"},{"taxonomy":"post_tag","embeddable":true,"href":"https:\/\/creanovaschool.com\/en\/wp-json\/wp\/v2\/tags?post=13876"}],"curies":[{"name":"wp","href":"https:\/\/api.w.org\/{rel}","templated":true}]}}