{"id":24166,"date":"2024-12-04T21:50:26","date_gmt":"2024-12-04T20:50:26","guid":{"rendered":"https:\/\/creanovaschool.com\/?p=24166"},"modified":"2024-12-04T21:50:26","modified_gmt":"2024-12-04T20:50:26","slug":"middle-una-fase-de-transicio","status":"publish","type":"post","link":"https:\/\/creanovaschool.com\/en\/2024\/middle-una-fase-de-transicio\/","title":{"rendered":"Middle: a transitional phase"},"content":{"rendered":"<p><em>Per Moya Butxon<\/em><br><em>Elementary and Middle School Coordinator at CreaNova School<\/em><\/p>\n\n\n\n<p>Our Middle stage, which comprises the end of the Elementary years (5th and 6th Primary) and the beginning of Secondary Education (1st ESO), is carefully organised to ensure that the transition is as natural as possible for our pupils.<\/p>\n\n\n\n<p>During this stage, students undergo many changes, and our main objective is to accompany them in this very special phase. As pre-adolescents, they can be especially fragile socially and emotionally, also in relation to the physical changes they undergo. We pay specific attention to this part of their development through observation, active listening and specific moments where our students can express their worries, concerns, ideas and suggestions for improvement.<\/p>\n\n\n\n<p>Students take part in interesting and engaging workshops that connect them with the reality of the world around them. They develop communication skills as well as entrepreneurial initiative and diverse knowledge. The arts are developed through music, art and creative workshops, which expand and become more specific and specialised as they grow.<\/p>\n\n\n\n<p>They are given more and more responsibility and autonomy. They learn to manage their time and become more efficient during the workshops.<\/p>\n\n\n\n<p>Great emphasis is placed on developing the ability to express oneself verbally and to use critical thinking and problem-solving skills.<\/p>\n\n\n\n<p>The older pupils at this stage are introduced to new workshops that form part of the High stage, so that they gradually become integrated into the new dynamics.<\/p>\n\n\n\n<p>Even so, the Middle groups share different moments, such as outings, excursions with stays and special workshops.<\/p>\n\n\n\n<p>The most important factor continues to be the individual attention and support they receive from their tutors and teachers.<\/p>","protected":false},"excerpt":{"rendered":"<p>Per Moya ButxonCoordinadora de Elementary i Middle en CreaNova School La nostra etapa Middle, que compr\u00e8n el final dels anys d\u2019Elementary (5\u00e8 i 6\u00e8 de Prim\u00e0ria) i l\u2019inici de l\u2019Educaci\u00f3 secund\u00e0ria (1r d\u2019ESO), est\u00e0 acuradament organitzada per garantir que la transici\u00f3 sigui el m\u00e9s natural possible per als nostres alumnes. Durant aquesta etapa, els alumnes [&hellip;]<\/p>\n","protected":false},"author":3,"featured_media":0,"comment_status":"closed","ping_status":"closed","sticky":false,"template":"","format":"standard","meta":{"footnotes":""},"categories":[1537],"tags":[1552],"class_list":["post-24166","post","type-post","status-publish","format-standard","hentry","category-revista","tag-r2-p11-cat"],"yoast_head":"<!-- This site is optimized with the Yoast SEO plugin v27.5 - https:\/\/yoast.com\/product\/yoast-seo-wordpress\/ -->\n<title>Middle: una fase de transici\u00f3 - CreaNova School<\/title>\n<meta name=\"robots\" content=\"index, follow, max-snippet:-1, max-image-preview:large, max-video-preview:-1\" \/>\n<link rel=\"canonical\" href=\"https:\/\/creanovaschool.com\/en\/2024\/middle-una-fase-de-transicio\/\" \/>\n<meta property=\"og:locale\" content=\"en_GB\" \/>\n<meta property=\"og:type\" content=\"article\" \/>\n<meta property=\"og:title\" content=\"Middle: una fase de transici\u00f3 - CreaNova School\" \/>\n<meta property=\"og:description\" content=\"Per Moya ButxonCoordinadora de Elementary i Middle en CreaNova School La nostra etapa Middle, que compr\u00e8n el final dels anys d\u2019Elementary (5\u00e8 i 6\u00e8 de Prim\u00e0ria) i l\u2019inici de l\u2019Educaci\u00f3 secund\u00e0ria (1r d\u2019ESO), est\u00e0 acuradament organitzada per garantir que la transici\u00f3 sigui el m\u00e9s natural possible per als nostres alumnes. Durant aquesta etapa, els alumnes [&hellip;]\" \/>\n<meta property=\"og:url\" content=\"https:\/\/creanovaschool.com\/en\/2024\/middle-una-fase-de-transicio\/\" \/>\n<meta property=\"og:site_name\" content=\"CreaNova School\" \/>\n<meta property=\"article:publisher\" content=\"https:\/\/www.facebook.com\/collegi.creanova\" \/>\n<meta property=\"article:published_time\" content=\"2024-12-04T20:50:26+00:00\" \/>\n<meta name=\"author\" content=\"EMAS\" \/>\n<meta name=\"twitter:card\" content=\"summary_large_image\" \/>\n<meta name=\"twitter:creator\" content=\"@CollegiCreaNova\" \/>\n<meta name=\"twitter:site\" content=\"@CollegiCreaNova\" \/>\n<meta name=\"twitter:label1\" content=\"Written by\" \/>\n\t<meta name=\"twitter:data1\" content=\"EMAS\" \/>\n\t<meta name=\"twitter:label2\" content=\"Estimated reading time\" \/>\n\t<meta name=\"twitter:data2\" content=\"2 minutes\" \/>\n<script type=\"application\/ld+json\" class=\"yoast-schema-graph\">{\"@context\":\"https:\\\/\\\/schema.org\",\"@graph\":[{\"@type\":\"Article\",\"@id\":\"https:\\\/\\\/creanovaschool.com\\\/2024\\\/middle-una-fase-de-transicio\\\/#article\",\"isPartOf\":{\"@id\":\"https:\\\/\\\/creanovaschool.com\\\/2024\\\/middle-una-fase-de-transicio\\\/\"},\"author\":{\"name\":\"EMAS\",\"@id\":\"https:\\\/\\\/creanovaschool.com\\\/#\\\/schema\\\/person\\\/bc31e364c1750c127046608ad51279e7\"},\"headline\":\"Middle: una fase de transici\u00f3\",\"datePublished\":\"2024-12-04T20:50:26+00:00\",\"mainEntityOfPage\":{\"@id\":\"https:\\\/\\\/creanovaschool.com\\\/2024\\\/middle-una-fase-de-transicio\\\/\"},\"wordCount\":326,\"publisher\":{\"@id\":\"https:\\\/\\\/creanovaschool.com\\\/#organization\"},\"keywords\":[\"R2-P11-CAT\"],\"articleSection\":[\"Revista\"],\"inLanguage\":\"en-GB\"},{\"@type\":\"WebPage\",\"@id\":\"https:\\\/\\\/creanovaschool.com\\\/2024\\\/middle-una-fase-de-transicio\\\/\",\"url\":\"https:\\\/\\\/creanovaschool.com\\\/2024\\\/middle-una-fase-de-transicio\\\/\",\"name\":\"Middle: una fase de transici\u00f3 - CreaNova School\",\"isPartOf\":{\"@id\":\"https:\\\/\\\/creanovaschool.com\\\/#website\"},\"datePublished\":\"2024-12-04T20:50:26+00:00\",\"breadcrumb\":{\"@id\":\"https:\\\/\\\/creanovaschool.com\\\/2024\\\/middle-una-fase-de-transicio\\\/#breadcrumb\"},\"inLanguage\":\"en-GB\",\"potentialAction\":[{\"@type\":\"ReadAction\",\"target\":[\"https:\\\/\\\/creanovaschool.com\\\/2024\\\/middle-una-fase-de-transicio\\\/\"]}]},{\"@type\":\"BreadcrumbList\",\"@id\":\"https:\\\/\\\/creanovaschool.com\\\/2024\\\/middle-una-fase-de-transicio\\\/#breadcrumb\",\"itemListElement\":[{\"@type\":\"ListItem\",\"position\":1,\"name\":\"Portada\",\"item\":\"https:\\\/\\\/creanovaschool.com\\\/\"},{\"@type\":\"ListItem\",\"position\":2,\"name\":\"Middle: una fase de transici\u00f3\"}]},{\"@type\":\"WebSite\",\"@id\":\"https:\\\/\\\/creanovaschool.com\\\/#website\",\"url\":\"https:\\\/\\\/creanovaschool.com\\\/\",\"name\":\"CreaNova School\",\"description\":\"Learning by doing private school in Barcelona\",\"publisher\":{\"@id\":\"https:\\\/\\\/creanovaschool.com\\\/#organization\"},\"potentialAction\":[{\"@type\":\"SearchAction\",\"target\":{\"@type\":\"EntryPoint\",\"urlTemplate\":\"https:\\\/\\\/creanovaschool.com\\\/?s={search_term_string}\"},\"query-input\":{\"@type\":\"PropertyValueSpecification\",\"valueRequired\":true,\"valueName\":\"search_term_string\"}}],\"inLanguage\":\"en-GB\"},{\"@type\":\"Organization\",\"@id\":\"https:\\\/\\\/creanovaschool.com\\\/#organization\",\"name\":\"CreaNova School\",\"url\":\"https:\\\/\\\/creanovaschool.com\\\/\",\"logo\":{\"@type\":\"ImageObject\",\"inLanguage\":\"en-GB\",\"@id\":\"https:\\\/\\\/creanovaschool.com\\\/#\\\/schema\\\/logo\\\/image\\\/\",\"url\":\"https:\\\/\\\/creanovaschool.com\\\/wp-content\\\/uploads\\\/2024\\\/07\\\/Logo_Creanova_claim.png\",\"contentUrl\":\"https:\\\/\\\/creanovaschool.com\\\/wp-content\\\/uploads\\\/2024\\\/07\\\/Logo_Creanova_claim.png\",\"width\":2909,\"height\":960,\"caption\":\"CreaNova School\"},\"image\":{\"@id\":\"https:\\\/\\\/creanovaschool.com\\\/#\\\/schema\\\/logo\\\/image\\\/\"},\"sameAs\":[\"https:\\\/\\\/www.facebook.com\\\/collegi.creanova\",\"https:\\\/\\\/x.com\\\/CollegiCreaNova\",\"https:\\\/\\\/www.instagram.com\\\/collegicreanova\\\/\",\"https:\\\/\\\/www.pinterest.com\\\/collegiCreaNova\\\/\",\"https:\\\/\\\/www.youtube.com\\\/channel\\\/UCNAWIuULmSWS1gnVCYmnIIw\"]},{\"@type\":\"Person\",\"@id\":\"https:\\\/\\\/creanovaschool.com\\\/#\\\/schema\\\/person\\\/bc31e364c1750c127046608ad51279e7\",\"name\":\"EMAS\",\"url\":\"https:\\\/\\\/creanovaschool.com\\\/en\\\/author\\\/nestor-silvaemas-es\\\/\"}]}<\/script>\n<!-- \/ Yoast SEO plugin. -->","yoast_head_json":{"title":"Middle: a transitional phase - CreaNova School","robots":{"index":"index","follow":"follow","max-snippet":"max-snippet:-1","max-image-preview":"max-image-preview:large","max-video-preview":"max-video-preview:-1"},"canonical":"https:\/\/creanovaschool.com\/en\/2024\/middle-una-fase-de-transicio\/","og_locale":"en_GB","og_type":"article","og_title":"Middle: una fase de transici\u00f3 - CreaNova School","og_description":"Per Moya ButxonCoordinadora de Elementary i Middle en CreaNova School La nostra etapa Middle, que compr\u00e8n el final dels anys d\u2019Elementary (5\u00e8 i 6\u00e8 de Prim\u00e0ria) i l\u2019inici de l\u2019Educaci\u00f3 secund\u00e0ria (1r d\u2019ESO), est\u00e0 acuradament organitzada per garantir que la transici\u00f3 sigui el m\u00e9s natural possible per als nostres alumnes. Durant aquesta etapa, els alumnes [&hellip;]","og_url":"https:\/\/creanovaschool.com\/en\/2024\/middle-una-fase-de-transicio\/","og_site_name":"CreaNova School","article_publisher":"https:\/\/www.facebook.com\/collegi.creanova","article_published_time":"2024-12-04T20:50:26+00:00","author":"EMAS","twitter_card":"summary_large_image","twitter_creator":"@CollegiCreaNova","twitter_site":"@CollegiCreaNova","twitter_misc":{"Written by":"EMAS","Estimated reading time":"2 minutes"},"schema":{"@context":"https:\/\/schema.org","@graph":[{"@type":"Article","@id":"https:\/\/creanovaschool.com\/2024\/middle-una-fase-de-transicio\/#article","isPartOf":{"@id":"https:\/\/creanovaschool.com\/2024\/middle-una-fase-de-transicio\/"},"author":{"name":"EMAS","@id":"https:\/\/creanovaschool.com\/#\/schema\/person\/bc31e364c1750c127046608ad51279e7"},"headline":"Middle: una fase de transici\u00f3","datePublished":"2024-12-04T20:50:26+00:00","mainEntityOfPage":{"@id":"https:\/\/creanovaschool.com\/2024\/middle-una-fase-de-transicio\/"},"wordCount":326,"publisher":{"@id":"https:\/\/creanovaschool.com\/#organization"},"keywords":["R2-P11-CAT"],"articleSection":["Revista"],"inLanguage":"en-GB"},{"@type":"WebPage","@id":"https:\/\/creanovaschool.com\/2024\/middle-una-fase-de-transicio\/","url":"https:\/\/creanovaschool.com\/2024\/middle-una-fase-de-transicio\/","name":"Middle: a transitional phase - CreaNova School","isPartOf":{"@id":"https:\/\/creanovaschool.com\/#website"},"datePublished":"2024-12-04T20:50:26+00:00","breadcrumb":{"@id":"https:\/\/creanovaschool.com\/2024\/middle-una-fase-de-transicio\/#breadcrumb"},"inLanguage":"en-GB","potentialAction":[{"@type":"ReadAction","target":["https:\/\/creanovaschool.com\/2024\/middle-una-fase-de-transicio\/"]}]},{"@type":"BreadcrumbList","@id":"https:\/\/creanovaschool.com\/2024\/middle-una-fase-de-transicio\/#breadcrumb","itemListElement":[{"@type":"ListItem","position":1,"name":"Portada","item":"https:\/\/creanovaschool.com\/"},{"@type":"ListItem","position":2,"name":"Middle: una fase de transici\u00f3"}]},{"@type":"WebSite","@id":"https:\/\/creanovaschool.com\/#website","url":"https:\/\/creanovaschool.com\/","name":"CreaNova School","description":"Learning by doing private school in Barcelona","publisher":{"@id":"https:\/\/creanovaschool.com\/#organization"},"potentialAction":[{"@type":"SearchAction","target":{"@type":"EntryPoint","urlTemplate":"https:\/\/creanovaschool.com\/?s={search_term_string}"},"query-input":{"@type":"PropertyValueSpecification","valueRequired":true,"valueName":"search_term_string"}}],"inLanguage":"en-GB"},{"@type":"Organization","@id":"https:\/\/creanovaschool.com\/#organization","name":"CreaNova School","url":"https:\/\/creanovaschool.com\/","logo":{"@type":"ImageObject","inLanguage":"en-GB","@id":"https:\/\/creanovaschool.com\/#\/schema\/logo\/image\/","url":"https:\/\/creanovaschool.com\/wp-content\/uploads\/2024\/07\/Logo_Creanova_claim.png","contentUrl":"https:\/\/creanovaschool.com\/wp-content\/uploads\/2024\/07\/Logo_Creanova_claim.png","width":2909,"height":960,"caption":"CreaNova School"},"image":{"@id":"https:\/\/creanovaschool.com\/#\/schema\/logo\/image\/"},"sameAs":["https:\/\/www.facebook.com\/collegi.creanova","https:\/\/x.com\/CollegiCreaNova","https:\/\/www.instagram.com\/collegicreanova\/","https:\/\/www.pinterest.com\/collegiCreaNova\/","https:\/\/www.youtube.com\/channel\/UCNAWIuULmSWS1gnVCYmnIIw"]},{"@type":"Person","@id":"https:\/\/creanovaschool.com\/#\/schema\/person\/bc31e364c1750c127046608ad51279e7","name":"EMAS","url":"https:\/\/creanovaschool.com\/en\/author\/nestor-silvaemas-es\/"}]}},"_links":{"self":[{"href":"https:\/\/creanovaschool.com\/en\/wp-json\/wp\/v2\/posts\/24166","targetHints":{"allow":["GET"]}}],"collection":[{"href":"https:\/\/creanovaschool.com\/en\/wp-json\/wp\/v2\/posts"}],"about":[{"href":"https:\/\/creanovaschool.com\/en\/wp-json\/wp\/v2\/types\/post"}],"author":[{"embeddable":true,"href":"https:\/\/creanovaschool.com\/en\/wp-json\/wp\/v2\/users\/3"}],"replies":[{"embeddable":true,"href":"https:\/\/creanovaschool.com\/en\/wp-json\/wp\/v2\/comments?post=24166"}],"version-history":[{"count":1,"href":"https:\/\/creanovaschool.com\/en\/wp-json\/wp\/v2\/posts\/24166\/revisions"}],"predecessor-version":[{"id":24167,"href":"https:\/\/creanovaschool.com\/en\/wp-json\/wp\/v2\/posts\/24166\/revisions\/24167"}],"wp:attachment":[{"href":"https:\/\/creanovaschool.com\/en\/wp-json\/wp\/v2\/media?parent=24166"}],"wp:term":[{"taxonomy":"category","embeddable":true,"href":"https:\/\/creanovaschool.com\/en\/wp-json\/wp\/v2\/categories?post=24166"},{"taxonomy":"post_tag","embeddable":true,"href":"https:\/\/creanovaschool.com\/en\/wp-json\/wp\/v2\/tags?post=24166"}],"curies":[{"name":"wp","href":"https:\/\/api.w.org\/{rel}","templated":true}]}}