{"id":6907,"date":"2019-11-21T06:01:19","date_gmt":"2019-11-21T06:01:19","guid":{"rendered":"https:\/\/creanovaschool.com\/2019\/arte-y-aprendizaje-transversal-la-historia-a-traves-del-arte\/"},"modified":"2020-01-16T14:39:40","modified_gmt":"2020-01-16T14:39:40","slug":"art-i-aprenentatge-transversal-la-historia-a-traves-de-l-art","status":"publish","type":"post","link":"https:\/\/creanovaschool.com\/en\/2019\/art-i-aprenentatge-transversal-la-historia-a-traves-de-l-art\/","title":{"rendered":"Art and transversal learning: history through art"},"content":{"rendered":"<p>The students and the Secondary School students\u00a0<strong>They have traced the centuries of the history of humanity, through art,<\/strong>\u00a0on a journey that they have taken to discover the\u00a0<strong>gregarious society<\/strong>, the culture of some populations<strong>Africa<\/strong>\u00a0and d&#039;<strong>Europe<\/strong>, the first settlements to the\u00a0<strong>prehistory<\/strong>\u00a0and them\u00a0<strong>Egyptians.<\/strong><br \/>\n<!--more--><\/p>\n<p>An exciting, surprising trip, accompanied by images and creative creations for the students&#039; mates, as if they found homes and gifts from these historical periods.<\/p>\n<p><a href=\"https:\/\/creanovaschool.com\/wp-content\/uploads\/2019\/11\/la-historia-a-traves-del-arte-2019-collegi-creanova-2.jpg\" target=\"_blank\" rel=\"noopener noreferrer\"><img fetchpriority=\"high\" decoding=\"async\" class=\"size-full wp-image-4156\" src=\"https:\/\/creanovaschool.com\/wp-content\/uploads\/2019\/11\/la-historia-a-traves-del-arte-2019-collegi-creanova-2.jpg\" alt=\"la historia a traves del arte 2019 collegi creanova 2\" width=\"800\" height=\"1600\" srcset=\"https:\/\/creanovaschool.com\/wp-content\/uploads\/2019\/11\/la-historia-a-traves-del-arte-2019-collegi-creanova-2.jpg 800w, https:\/\/creanovaschool.com\/wp-content\/uploads\/2019\/11\/la-historia-a-traves-del-arte-2019-collegi-creanova-2-150x300.jpg 150w, https:\/\/creanovaschool.com\/wp-content\/uploads\/2019\/11\/la-historia-a-traves-del-arte-2019-collegi-creanova-2-512x1024.jpg 512w, https:\/\/creanovaschool.com\/wp-content\/uploads\/2019\/11\/la-historia-a-traves-del-arte-2019-collegi-creanova-2-768x1536.jpg 768w, https:\/\/creanovaschool.com\/wp-content\/uploads\/2019\/11\/la-historia-a-traves-del-arte-2019-collegi-creanova-2-500x1000.jpg 500w, https:\/\/creanovaschool.com\/wp-content\/uploads\/2019\/11\/la-historia-a-traves-del-arte-2019-collegi-creanova-2-700x1400.jpg 700w\" sizes=\"(max-width: 800px) 100vw, 800px\" \/><\/a><\/p>\n<p>We investigated the different types of masks in Africa and, then, accompanying African music, we imitated them.<\/p>\n<p>We have reproduced gargoyles in clay, created amfores and other works in ancient Greece, painted animals and people on paper, as if it were traces of the wall of an ancestral cave.<\/p>\n<p>We decorated Egyptian tombs, impregnating us with the cultural wealth of the banks of the Nil.<\/p>\n<p><a href=\"https:\/\/creanovaschool.com\/wp-content\/uploads\/2019\/11\/la-historia-a-traves-del-arte-2019-collegi-creanova-3.jpg\" target=\"_blank\" rel=\"noopener noreferrer\"><img decoding=\"async\" class=\"size-full wp-image-4159\" src=\"https:\/\/creanovaschool.com\/wp-content\/uploads\/2019\/11\/la-historia-a-traves-del-arte-2019-collegi-creanova-3.jpg\" alt=\"la historia a traves del arte 2019 collegi creanova 3\" width=\"800\" height=\"1600\" srcset=\"https:\/\/creanovaschool.com\/wp-content\/uploads\/2019\/11\/la-historia-a-traves-del-arte-2019-collegi-creanova-3.jpg 800w, https:\/\/creanovaschool.com\/wp-content\/uploads\/2019\/11\/la-historia-a-traves-del-arte-2019-collegi-creanova-3-150x300.jpg 150w, https:\/\/creanovaschool.com\/wp-content\/uploads\/2019\/11\/la-historia-a-traves-del-arte-2019-collegi-creanova-3-512x1024.jpg 512w, https:\/\/creanovaschool.com\/wp-content\/uploads\/2019\/11\/la-historia-a-traves-del-arte-2019-collegi-creanova-3-768x1536.jpg 768w, https:\/\/creanovaschool.com\/wp-content\/uploads\/2019\/11\/la-historia-a-traves-del-arte-2019-collegi-creanova-3-500x1000.jpg 500w, https:\/\/creanovaschool.com\/wp-content\/uploads\/2019\/11\/la-historia-a-traves-del-arte-2019-collegi-creanova-3-700x1400.jpg 700w\" sizes=\"(max-width: 800px) 100vw, 800px\" \/><\/a><\/p>\n<p><a href=\"https:\/\/creanovaschool.com\/wp-content\/uploads\/2019\/11\/la-historia-a-traves-del-arte-2019-collegi-creanova-4.jpg\" target=\"_blank\" rel=\"noopener noreferrer\"><img decoding=\"async\" class=\"size-full wp-image-4163\" src=\"https:\/\/creanovaschool.com\/wp-content\/uploads\/2019\/11\/la-historia-a-traves-del-arte-2019-collegi-creanova-4.jpg\" alt=\"la historia a traves del arte 2019 collegi creanova 4\" width=\"800\" height=\"1214\" srcset=\"https:\/\/creanovaschool.com\/wp-content\/uploads\/2019\/11\/la-historia-a-traves-del-arte-2019-collegi-creanova-4.jpg 800w, https:\/\/creanovaschool.com\/wp-content\/uploads\/2019\/11\/la-historia-a-traves-del-arte-2019-collegi-creanova-4-198x300.jpg 198w, https:\/\/creanovaschool.com\/wp-content\/uploads\/2019\/11\/la-historia-a-traves-del-arte-2019-collegi-creanova-4-675x1024.jpg 675w, https:\/\/creanovaschool.com\/wp-content\/uploads\/2019\/11\/la-historia-a-traves-del-arte-2019-collegi-creanova-4-768x1165.jpg 768w, https:\/\/creanovaschool.com\/wp-content\/uploads\/2019\/11\/la-historia-a-traves-del-arte-2019-collegi-creanova-4-700x1062.jpg 700w\" sizes=\"(max-width: 800px) 100vw, 800px\" \/><\/a><\/p>","protected":false},"excerpt":{"rendered":"<p>The Secondary School students have traveled through the centuries of the history of humanity, through art, in a journey that has led them to discover the Greek society, the culture of some populations in Africa and the Europe, the first settlements in prehistory and the egyptian<\/p>","protected":false},"author":8,"featured_media":4153,"comment_status":"closed","ping_status":"open","sticky":false,"template":"","format":"standard","meta":{"footnotes":""},"categories":[11],"tags":[322,336,338,361,443,136],"class_list":["post-6907","post","type-post","status-publish","format-standard","has-post-thumbnail","hentry","category-sin-categorizar","tag-2019-ca","tag-aprenentatge-transversal","tag-art","tag-high-ca","tag-historia-ca","tag-secundaria"],"yoast_head":"<!-- This site is optimized with the Yoast SEO plugin v27.5 - https:\/\/yoast.com\/product\/yoast-seo-wordpress\/ -->\n<title>Art i aprenentatge transversal: la hist\u00f2ria a trav\u00e9s de l&#039;art - CreaNova School<\/title>\n<meta name=\"description\" content=\"Els alumnes de Secund\u00e0ria\u00a0han recorregut la hist\u00f2ria de la humanitat a trav\u00e9s de l&#039;art,\u00a0en un viatge que els ha portat a descobrir la\u00a0societat grega, la cultura d&#039;algunes poblacions d&#039;\u00c0frica\u00a0i d&#039;Europa, els primers assentaments a la\u00a0prehist\u00f2ria\u00a0i els\u00a0egipcis.\" \/>\n<meta name=\"robots\" content=\"index, follow, max-snippet:-1, max-image-preview:large, max-video-preview:-1\" \/>\n<link rel=\"canonical\" href=\"https:\/\/creanovaschool.com\/en\/2019\/art-i-aprenentatge-transversal-la-historia-a-traves-de-l-art\/\" \/>\n<meta property=\"og:locale\" content=\"en_GB\" \/>\n<meta property=\"og:type\" content=\"article\" \/>\n<meta property=\"og:title\" content=\"Art i aprenentatge transversal: la hist\u00f2ria a trav\u00e9s de l&#039;art - CreaNova School\" \/>\n<meta property=\"og:description\" content=\"Els alumnes de Secund\u00e0ria\u00a0han recorregut la hist\u00f2ria de la humanitat a trav\u00e9s de l&#039;art,\u00a0en un viatge que els ha portat a descobrir la\u00a0societat grega, la cultura d&#039;algunes poblacions d&#039;\u00c0frica\u00a0i d&#039;Europa, els primers assentaments a la\u00a0prehist\u00f2ria\u00a0i els\u00a0egipcis.\" \/>\n<meta property=\"og:url\" content=\"https:\/\/creanovaschool.com\/en\/2019\/art-i-aprenentatge-transversal-la-historia-a-traves-de-l-art\/\" \/>\n<meta property=\"og:site_name\" content=\"CreaNova School\" \/>\n<meta property=\"article:publisher\" content=\"https:\/\/www.facebook.com\/collegi.creanova\" \/>\n<meta property=\"article:published_time\" content=\"2019-11-21T06:01:19+00:00\" \/>\n<meta property=\"article:modified_time\" content=\"2020-01-16T14:39:40+00:00\" \/>\n<meta property=\"og:image\" content=\"https:\/\/creanovaschool.com\/wp-content\/uploads\/2019\/11\/la-historia-a-traves-del-arte-2019-collegi-creanova-1.jpg\" \/>\n\t<meta property=\"og:image:width\" content=\"800\" \/>\n\t<meta property=\"og:image:height\" content=\"400\" \/>\n\t<meta property=\"og:image:type\" content=\"image\/jpeg\" \/>\n<meta name=\"author\" content=\"Silvia Ben\u00edtez\" \/>\n<meta name=\"twitter:card\" content=\"summary_large_image\" \/>\n<meta name=\"twitter:creator\" content=\"@CollegiCreaNova\" \/>\n<meta name=\"twitter:site\" content=\"@CollegiCreaNova\" \/>\n<meta name=\"twitter:label1\" content=\"Written by\" \/>\n\t<meta name=\"twitter:data1\" content=\"Silvia Ben\u00edtez\" \/>\n\t<meta name=\"twitter:label2\" content=\"Estimated reading time\" \/>\n\t<meta name=\"twitter:data2\" content=\"1 minute\" \/>\n<script type=\"application\/ld+json\" class=\"yoast-schema-graph\">{\"@context\":\"https:\\\/\\\/schema.org\",\"@graph\":[{\"@type\":\"Article\",\"@id\":\"https:\\\/\\\/creanovaschool.com\\\/ca\\\/2019\\\/art-i-aprenentatge-transversal-la-historia-a-traves-de-l-art\\\/#article\",\"isPartOf\":{\"@id\":\"https:\\\/\\\/creanovaschool.com\\\/ca\\\/2019\\\/art-i-aprenentatge-transversal-la-historia-a-traves-de-l-art\\\/\"},\"author\":{\"name\":\"Silvia Ben\u00edtez\",\"@id\":\"https:\\\/\\\/creanovaschool.com\\\/#\\\/schema\\\/person\\\/76233ea477e705c16ea3af835fec0f15\"},\"headline\":\"Art i aprenentatge transversal: la hist\u00f2ria a trav\u00e9s de l&#8217;art\",\"datePublished\":\"2019-11-21T06:01:19+00:00\",\"dateModified\":\"2020-01-16T14:39:40+00:00\",\"mainEntityOfPage\":{\"@id\":\"https:\\\/\\\/creanovaschool.com\\\/ca\\\/2019\\\/art-i-aprenentatge-transversal-la-historia-a-traves-de-l-art\\\/\"},\"wordCount\":168,\"publisher\":{\"@id\":\"https:\\\/\\\/creanovaschool.com\\\/#organization\"},\"image\":{\"@id\":\"https:\\\/\\\/creanovaschool.com\\\/ca\\\/2019\\\/art-i-aprenentatge-transversal-la-historia-a-traves-de-l-art\\\/#primaryimage\"},\"thumbnailUrl\":\"https:\\\/\\\/creanovaschool.com\\\/wp-content\\\/uploads\\\/2019\\\/11\\\/la-historia-a-traves-del-arte-2019-collegi-creanova-1.jpg\",\"keywords\":[\"2019\",\"aprenentatge transversal\",\"art\",\"high\",\"hist\u00f2ria\",\"secund\u00e0ria\"],\"articleSection\":[\"Sin categorizar\"],\"inLanguage\":\"en-GB\"},{\"@type\":\"WebPage\",\"@id\":\"https:\\\/\\\/creanovaschool.com\\\/ca\\\/2019\\\/art-i-aprenentatge-transversal-la-historia-a-traves-de-l-art\\\/\",\"url\":\"https:\\\/\\\/creanovaschool.com\\\/ca\\\/2019\\\/art-i-aprenentatge-transversal-la-historia-a-traves-de-l-art\\\/\",\"name\":\"Art i aprenentatge transversal: la hist\u00f2ria a trav\u00e9s de l'art - CreaNova School\",\"isPartOf\":{\"@id\":\"https:\\\/\\\/creanovaschool.com\\\/#website\"},\"primaryImageOfPage\":{\"@id\":\"https:\\\/\\\/creanovaschool.com\\\/ca\\\/2019\\\/art-i-aprenentatge-transversal-la-historia-a-traves-de-l-art\\\/#primaryimage\"},\"image\":{\"@id\":\"https:\\\/\\\/creanovaschool.com\\\/ca\\\/2019\\\/art-i-aprenentatge-transversal-la-historia-a-traves-de-l-art\\\/#primaryimage\"},\"thumbnailUrl\":\"https:\\\/\\\/creanovaschool.com\\\/wp-content\\\/uploads\\\/2019\\\/11\\\/la-historia-a-traves-del-arte-2019-collegi-creanova-1.jpg\",\"datePublished\":\"2019-11-21T06:01:19+00:00\",\"dateModified\":\"2020-01-16T14:39:40+00:00\",\"description\":\"Els alumnes de Secund\u00e0ria\u00a0han recorregut la hist\u00f2ria de la humanitat a trav\u00e9s de l'art,\u00a0en un viatge que els ha portat a descobrir la\u00a0societat grega, la cultura d'algunes poblacions d'\u00c0frica\u00a0i d'Europa, els primers assentaments a la\u00a0prehist\u00f2ria\u00a0i els\u00a0egipcis.\",\"breadcrumb\":{\"@id\":\"https:\\\/\\\/creanovaschool.com\\\/ca\\\/2019\\\/art-i-aprenentatge-transversal-la-historia-a-traves-de-l-art\\\/#breadcrumb\"},\"inLanguage\":\"en-GB\",\"potentialAction\":[{\"@type\":\"ReadAction\",\"target\":[\"https:\\\/\\\/creanovaschool.com\\\/ca\\\/2019\\\/art-i-aprenentatge-transversal-la-historia-a-traves-de-l-art\\\/\"]}]},{\"@type\":\"ImageObject\",\"inLanguage\":\"en-GB\",\"@id\":\"https:\\\/\\\/creanovaschool.com\\\/ca\\\/2019\\\/art-i-aprenentatge-transversal-la-historia-a-traves-de-l-art\\\/#primaryimage\",\"url\":\"https:\\\/\\\/creanovaschool.com\\\/wp-content\\\/uploads\\\/2019\\\/11\\\/la-historia-a-traves-del-arte-2019-collegi-creanova-1.jpg\",\"contentUrl\":\"https:\\\/\\\/creanovaschool.com\\\/wp-content\\\/uploads\\\/2019\\\/11\\\/la-historia-a-traves-del-arte-2019-collegi-creanova-1.jpg\",\"width\":800,\"height\":400,\"caption\":\"la historia a traves del arte 2019 collegi creanova 1\"},{\"@type\":\"BreadcrumbList\",\"@id\":\"https:\\\/\\\/creanovaschool.com\\\/ca\\\/2019\\\/art-i-aprenentatge-transversal-la-historia-a-traves-de-l-art\\\/#breadcrumb\",\"itemListElement\":[{\"@type\":\"ListItem\",\"position\":1,\"name\":\"Portada\",\"item\":\"https:\\\/\\\/creanovaschool.com\\\/\"},{\"@type\":\"ListItem\",\"position\":2,\"name\":\"Art i aprenentatge transversal: la hist\u00f2ria a trav\u00e9s de l&#8217;art\"}]},{\"@type\":\"WebSite\",\"@id\":\"https:\\\/\\\/creanovaschool.com\\\/#website\",\"url\":\"https:\\\/\\\/creanovaschool.com\\\/\",\"name\":\"CreaNova School\",\"description\":\"Learning by doing private school in Barcelona\",\"publisher\":{\"@id\":\"https:\\\/\\\/creanovaschool.com\\\/#organization\"},\"potentialAction\":[{\"@type\":\"SearchAction\",\"target\":{\"@type\":\"EntryPoint\",\"urlTemplate\":\"https:\\\/\\\/creanovaschool.com\\\/?s={search_term_string}\"},\"query-input\":{\"@type\":\"PropertyValueSpecification\",\"valueRequired\":true,\"valueName\":\"search_term_string\"}}],\"inLanguage\":\"en-GB\"},{\"@type\":\"Organization\",\"@id\":\"https:\\\/\\\/creanovaschool.com\\\/#organization\",\"name\":\"CreaNova School\",\"url\":\"https:\\\/\\\/creanovaschool.com\\\/\",\"logo\":{\"@type\":\"ImageObject\",\"inLanguage\":\"en-GB\",\"@id\":\"https:\\\/\\\/creanovaschool.com\\\/#\\\/schema\\\/logo\\\/image\\\/\",\"url\":\"https:\\\/\\\/creanovaschool.com\\\/wp-content\\\/uploads\\\/2024\\\/07\\\/Logo_Creanova_claim.png\",\"contentUrl\":\"https:\\\/\\\/creanovaschool.com\\\/wp-content\\\/uploads\\\/2024\\\/07\\\/Logo_Creanova_claim.png\",\"width\":2909,\"height\":960,\"caption\":\"CreaNova School\"},\"image\":{\"@id\":\"https:\\\/\\\/creanovaschool.com\\\/#\\\/schema\\\/logo\\\/image\\\/\"},\"sameAs\":[\"https:\\\/\\\/www.facebook.com\\\/collegi.creanova\",\"https:\\\/\\\/x.com\\\/CollegiCreaNova\",\"https:\\\/\\\/www.instagram.com\\\/collegicreanova\\\/\",\"https:\\\/\\\/www.pinterest.com\\\/collegiCreaNova\\\/\",\"https:\\\/\\\/www.youtube.com\\\/channel\\\/UCNAWIuULmSWS1gnVCYmnIIw\"]},{\"@type\":\"Person\",\"@id\":\"https:\\\/\\\/creanovaschool.com\\\/#\\\/schema\\\/person\\\/76233ea477e705c16ea3af835fec0f15\",\"name\":\"Silvia Ben\u00edtez\",\"url\":\"https:\\\/\\\/creanovaschool.com\\\/en\\\/author\\\/silvia-benitez\\\/\"}]}<\/script>\n<!-- \/ Yoast SEO plugin. -->","yoast_head_json":{"title":"Art and transversal learning: history through art - CreaNova School","description":"Secondary school pupils have travelled through the history of humanity through art, on a journey that has led them to discover Greek society, the culture of some African and European populations, the first settlements in prehistory and the Egyptians.","robots":{"index":"index","follow":"follow","max-snippet":"max-snippet:-1","max-image-preview":"max-image-preview:large","max-video-preview":"max-video-preview:-1"},"canonical":"https:\/\/creanovaschool.com\/en\/2019\/art-i-aprenentatge-transversal-la-historia-a-traves-de-l-art\/","og_locale":"en_GB","og_type":"article","og_title":"Art i aprenentatge transversal: la hist\u00f2ria a trav\u00e9s de l'art - CreaNova School","og_description":"Els alumnes de Secund\u00e0ria\u00a0han recorregut la hist\u00f2ria de la humanitat a trav\u00e9s de l'art,\u00a0en un viatge que els ha portat a descobrir la\u00a0societat grega, la cultura d'algunes poblacions d'\u00c0frica\u00a0i d'Europa, els primers assentaments a la\u00a0prehist\u00f2ria\u00a0i els\u00a0egipcis.","og_url":"https:\/\/creanovaschool.com\/en\/2019\/art-i-aprenentatge-transversal-la-historia-a-traves-de-l-art\/","og_site_name":"CreaNova School","article_publisher":"https:\/\/www.facebook.com\/collegi.creanova","article_published_time":"2019-11-21T06:01:19+00:00","article_modified_time":"2020-01-16T14:39:40+00:00","og_image":[{"width":800,"height":400,"url":"https:\/\/creanovaschool.com\/wp-content\/uploads\/2019\/11\/la-historia-a-traves-del-arte-2019-collegi-creanova-1.jpg","type":"image\/jpeg"}],"author":"Silvia Ben\u00edtez","twitter_card":"summary_large_image","twitter_creator":"@CollegiCreaNova","twitter_site":"@CollegiCreaNova","twitter_misc":{"Written by":"Silvia Ben\u00edtez","Estimated reading time":"1 minute"},"schema":{"@context":"https:\/\/schema.org","@graph":[{"@type":"Article","@id":"https:\/\/creanovaschool.com\/ca\/2019\/art-i-aprenentatge-transversal-la-historia-a-traves-de-l-art\/#article","isPartOf":{"@id":"https:\/\/creanovaschool.com\/ca\/2019\/art-i-aprenentatge-transversal-la-historia-a-traves-de-l-art\/"},"author":{"name":"Silvia Ben\u00edtez","@id":"https:\/\/creanovaschool.com\/#\/schema\/person\/76233ea477e705c16ea3af835fec0f15"},"headline":"Art i aprenentatge transversal: la hist\u00f2ria a trav\u00e9s de l&#8217;art","datePublished":"2019-11-21T06:01:19+00:00","dateModified":"2020-01-16T14:39:40+00:00","mainEntityOfPage":{"@id":"https:\/\/creanovaschool.com\/ca\/2019\/art-i-aprenentatge-transversal-la-historia-a-traves-de-l-art\/"},"wordCount":168,"publisher":{"@id":"https:\/\/creanovaschool.com\/#organization"},"image":{"@id":"https:\/\/creanovaschool.com\/ca\/2019\/art-i-aprenentatge-transversal-la-historia-a-traves-de-l-art\/#primaryimage"},"thumbnailUrl":"https:\/\/creanovaschool.com\/wp-content\/uploads\/2019\/11\/la-historia-a-traves-del-arte-2019-collegi-creanova-1.jpg","keywords":["2019","aprenentatge transversal","art","high","hist\u00f2ria","secund\u00e0ria"],"articleSection":["Sin categorizar"],"inLanguage":"en-GB"},{"@type":"WebPage","@id":"https:\/\/creanovaschool.com\/ca\/2019\/art-i-aprenentatge-transversal-la-historia-a-traves-de-l-art\/","url":"https:\/\/creanovaschool.com\/ca\/2019\/art-i-aprenentatge-transversal-la-historia-a-traves-de-l-art\/","name":"Art and transversal learning: history through art - CreaNova School","isPartOf":{"@id":"https:\/\/creanovaschool.com\/#website"},"primaryImageOfPage":{"@id":"https:\/\/creanovaschool.com\/ca\/2019\/art-i-aprenentatge-transversal-la-historia-a-traves-de-l-art\/#primaryimage"},"image":{"@id":"https:\/\/creanovaschool.com\/ca\/2019\/art-i-aprenentatge-transversal-la-historia-a-traves-de-l-art\/#primaryimage"},"thumbnailUrl":"https:\/\/creanovaschool.com\/wp-content\/uploads\/2019\/11\/la-historia-a-traves-del-arte-2019-collegi-creanova-1.jpg","datePublished":"2019-11-21T06:01:19+00:00","dateModified":"2020-01-16T14:39:40+00:00","description":"Secondary school pupils have travelled through the history of humanity through art, on a journey that has led them to discover Greek society, the culture of some African and European populations, the first settlements in prehistory and the Egyptians.","breadcrumb":{"@id":"https:\/\/creanovaschool.com\/ca\/2019\/art-i-aprenentatge-transversal-la-historia-a-traves-de-l-art\/#breadcrumb"},"inLanguage":"en-GB","potentialAction":[{"@type":"ReadAction","target":["https:\/\/creanovaschool.com\/ca\/2019\/art-i-aprenentatge-transversal-la-historia-a-traves-de-l-art\/"]}]},{"@type":"ImageObject","inLanguage":"en-GB","@id":"https:\/\/creanovaschool.com\/ca\/2019\/art-i-aprenentatge-transversal-la-historia-a-traves-de-l-art\/#primaryimage","url":"https:\/\/creanovaschool.com\/wp-content\/uploads\/2019\/11\/la-historia-a-traves-del-arte-2019-collegi-creanova-1.jpg","contentUrl":"https:\/\/creanovaschool.com\/wp-content\/uploads\/2019\/11\/la-historia-a-traves-del-arte-2019-collegi-creanova-1.jpg","width":800,"height":400,"caption":"la historia a traves del arte 2019 collegi creanova 1"},{"@type":"BreadcrumbList","@id":"https:\/\/creanovaschool.com\/ca\/2019\/art-i-aprenentatge-transversal-la-historia-a-traves-de-l-art\/#breadcrumb","itemListElement":[{"@type":"ListItem","position":1,"name":"Portada","item":"https:\/\/creanovaschool.com\/"},{"@type":"ListItem","position":2,"name":"Art i aprenentatge transversal: la hist\u00f2ria a trav\u00e9s de l&#8217;art"}]},{"@type":"WebSite","@id":"https:\/\/creanovaschool.com\/#website","url":"https:\/\/creanovaschool.com\/","name":"CreaNova School","description":"Learning by doing private school in Barcelona","publisher":{"@id":"https:\/\/creanovaschool.com\/#organization"},"potentialAction":[{"@type":"SearchAction","target":{"@type":"EntryPoint","urlTemplate":"https:\/\/creanovaschool.com\/?s={search_term_string}"},"query-input":{"@type":"PropertyValueSpecification","valueRequired":true,"valueName":"search_term_string"}}],"inLanguage":"en-GB"},{"@type":"Organization","@id":"https:\/\/creanovaschool.com\/#organization","name":"CreaNova School","url":"https:\/\/creanovaschool.com\/","logo":{"@type":"ImageObject","inLanguage":"en-GB","@id":"https:\/\/creanovaschool.com\/#\/schema\/logo\/image\/","url":"https:\/\/creanovaschool.com\/wp-content\/uploads\/2024\/07\/Logo_Creanova_claim.png","contentUrl":"https:\/\/creanovaschool.com\/wp-content\/uploads\/2024\/07\/Logo_Creanova_claim.png","width":2909,"height":960,"caption":"CreaNova School"},"image":{"@id":"https:\/\/creanovaschool.com\/#\/schema\/logo\/image\/"},"sameAs":["https:\/\/www.facebook.com\/collegi.creanova","https:\/\/x.com\/CollegiCreaNova","https:\/\/www.instagram.com\/collegicreanova\/","https:\/\/www.pinterest.com\/collegiCreaNova\/","https:\/\/www.youtube.com\/channel\/UCNAWIuULmSWS1gnVCYmnIIw"]},{"@type":"Person","@id":"https:\/\/creanovaschool.com\/#\/schema\/person\/76233ea477e705c16ea3af835fec0f15","name":"Silvia Ben\u00edtez","url":"https:\/\/creanovaschool.com\/en\/author\/silvia-benitez\/"}]}},"_links":{"self":[{"href":"https:\/\/creanovaschool.com\/en\/wp-json\/wp\/v2\/posts\/6907","targetHints":{"allow":["GET"]}}],"collection":[{"href":"https:\/\/creanovaschool.com\/en\/wp-json\/wp\/v2\/posts"}],"about":[{"href":"https:\/\/creanovaschool.com\/en\/wp-json\/wp\/v2\/types\/post"}],"author":[{"embeddable":true,"href":"https:\/\/creanovaschool.com\/en\/wp-json\/wp\/v2\/users\/8"}],"replies":[{"embeddable":true,"href":"https:\/\/creanovaschool.com\/en\/wp-json\/wp\/v2\/comments?post=6907"}],"version-history":[{"count":3,"href":"https:\/\/creanovaschool.com\/en\/wp-json\/wp\/v2\/posts\/6907\/revisions"}],"predecessor-version":[{"id":6911,"href":"https:\/\/creanovaschool.com\/en\/wp-json\/wp\/v2\/posts\/6907\/revisions\/6911"}],"wp:featuredmedia":[{"embeddable":true,"href":"https:\/\/creanovaschool.com\/en\/wp-json\/wp\/v2\/media\/4153"}],"wp:attachment":[{"href":"https:\/\/creanovaschool.com\/en\/wp-json\/wp\/v2\/media?parent=6907"}],"wp:term":[{"taxonomy":"category","embeddable":true,"href":"https:\/\/creanovaschool.com\/en\/wp-json\/wp\/v2\/categories?post=6907"},{"taxonomy":"post_tag","embeddable":true,"href":"https:\/\/creanovaschool.com\/en\/wp-json\/wp\/v2\/tags?post=6907"}],"curies":[{"name":"wp","href":"https:\/\/api.w.org\/{rel}","templated":true}]}}