{"id":7993,"date":"2020-05-06T20:38:34","date_gmt":"2020-05-06T20:38:34","guid":{"rendered":"https:\/\/creanovaschool.com\/2020\/creanova-se-prepara-para-la-nueva-normalidad-covid19\/"},"modified":"2020-05-06T21:06:28","modified_gmt":"2020-05-06T21:06:28","slug":"creanova-es-prepara-per-a-la-nova-normalitat-covid19","status":"publish","type":"post","link":"https:\/\/creanovaschool.com\/en\/2020\/creanova-es-prepara-per-a-la-nova-normalitat-covid19\/","title":{"rendered":"CreaNova is prepared for the new normality"},"content":{"rendered":"<p><strong>CreaNova ja est\u00e0 adequant les seves instal\u00b7lacions<\/strong> per al moment en qu\u00e8 s&#8217;autoritzi la reincorporaci\u00f3 a les aules d&#8217;alumnes i docents, seguint els requeriments i la normativa.<!--more--><\/p>\n<p>S&#8217;han instal\u00b7lat <strong>dosificadors de soluci\u00f3 alcoh\u00f2lica<\/strong> i <strong>mampares<\/strong> o <strong>pantalles de separaci\u00f3<\/strong>, de disseny original i fabricades per <strong>Makers CreaNova<\/strong>, a les aules, menjador i altres espais de treball. A Makers CreaNova, s&#8217;han fabricat tamb\u00e9 m\u00e9s de 1500 m\u00e0scares anti-esquitxos, que han estat homologades per la CE.<\/p>\n<p>S&#8217;han <strong>desinfectat els sistemes de clima<\/strong> i es treballa en diversos <strong>protocols per a l\u2019entrada i la sortida del centre<\/strong>, aix\u00ed com per afavorir el distanciament.<\/p>\n<p>Tamb\u00e9 s&#8217;han <strong>adequat sales de videoconfer\u00e8ncia<\/strong> per alternar i possibilitar classes presencials, en petits grups, i amb alumnes des de casa, simult\u00e0niament. La r\u00e0tio baixa ja la ten\u00edem perqu\u00e8 sempre hem cregut en un model d&#8217;escola petita i familiar.<\/p>\n<p>CreaNova no ha interromput pr\u00e0cticament la seva activitat, traslladant bona part del seu saber fer al <strong>m\u00f3n online<\/strong>, amb un <strong>e-learning de qualitat<\/strong>, proper i preocupat pels seus alumnes i fam\u00edlies.<\/p>\n<h4>Gr\u00e0cies a tots per fer-ho possible!<\/h4>\n<p>[ngg src=\u00bbgalleries\u00bb ids=\u00bb11&#8243; display=\u00bbbasic_thumbnail\u00bb thumbnail_crop=\u00bb0&#8243; number_of_columns=\u00bb4&#8243;]<\/p>\n","protected":false},"excerpt":{"rendered":"<p>CreaNova is already adapting its facilities for the moment when students and teachers are authorised to return to the classrooms, following the requirements and regulations.<\/p>","protected":false},"author":8,"featured_media":7980,"comment_status":"closed","ping_status":"open","sticky":false,"template":"","format":"standard","meta":{"footnotes":""},"categories":[11],"tags":[481,226,605,542,613,597,617,614,598,136],"class_list":["post-7993","post","type-post","status-publish","format-standard","has-post-thumbnail","hentry","category-sin-categorizar","tag-2020-ca","tag-batxillerat","tag-batxillerat-ca","tag-covid","tag-covid-19-ca","tag-infantil-ca","tag-installacions","tag-instalaciones-ca","tag-primaria-ca","tag-secundaria"],"yoast_head":"<!-- This site is optimized with the Yoast SEO plugin v27.5 - https:\/\/yoast.com\/product\/yoast-seo-wordpress\/ -->\n<title>CreaNova es prepara per a la nova normalitat - CreaNova School<\/title>\n<meta name=\"description\" content=\"CreaNova ja est\u00e0 adequant les seves instal\u00b7lacions per al moment en qu\u00e8 s&#039;autoritzi la reincorporaci\u00f3 a les aules d&#039;alumnes i docents.\" \/>\n<meta name=\"robots\" content=\"index, follow, max-snippet:-1, max-image-preview:large, max-video-preview:-1\" \/>\n<link rel=\"canonical\" href=\"https:\/\/creanovaschool.com\/en\/2020\/creanova-es-prepara-per-a-la-nova-normalitat-covid19\/\" \/>\n<meta property=\"og:locale\" content=\"en_GB\" \/>\n<meta property=\"og:type\" content=\"article\" \/>\n<meta property=\"og:title\" content=\"CreaNova es prepara per a la nova normalitat - CreaNova School\" \/>\n<meta property=\"og:description\" content=\"CreaNova ja est\u00e0 adequant les seves instal\u00b7lacions per al moment en qu\u00e8 s&#039;autoritzi la reincorporaci\u00f3 a les aules d&#039;alumnes i docents.\" \/>\n<meta property=\"og:url\" content=\"https:\/\/creanovaschool.com\/en\/2020\/creanova-es-prepara-per-a-la-nova-normalitat-covid19\/\" \/>\n<meta property=\"og:site_name\" content=\"CreaNova School\" \/>\n<meta property=\"article:publisher\" content=\"https:\/\/www.facebook.com\/collegi.creanova\" \/>\n<meta property=\"article:published_time\" content=\"2020-05-06T20:38:34+00:00\" \/>\n<meta property=\"article:modified_time\" content=\"2020-05-06T21:06:28+00:00\" \/>\n<meta property=\"og:image\" content=\"https:\/\/creanovaschool.com\/wp-content\/uploads\/2020\/05\/creanova-es-prepara-nova-normalitat-covid19-preview.jpg\" \/>\n\t<meta property=\"og:image:width\" content=\"955\" \/>\n\t<meta property=\"og:image:height\" content=\"753\" \/>\n\t<meta property=\"og:image:type\" content=\"image\/jpeg\" \/>\n<meta name=\"author\" content=\"Silvia Ben\u00edtez\" \/>\n<meta name=\"twitter:card\" content=\"summary_large_image\" \/>\n<meta name=\"twitter:creator\" content=\"@CollegiCreaNova\" \/>\n<meta name=\"twitter:site\" content=\"@CollegiCreaNova\" \/>\n<meta name=\"twitter:label1\" content=\"Written by\" \/>\n\t<meta name=\"twitter:data1\" content=\"Silvia Ben\u00edtez\" \/>\n\t<meta name=\"twitter:label2\" content=\"Estimated reading time\" \/>\n\t<meta name=\"twitter:data2\" content=\"1 minute\" \/>\n<script type=\"application\/ld+json\" class=\"yoast-schema-graph\">{\"@context\":\"https:\\\/\\\/schema.org\",\"@graph\":[{\"@type\":\"Article\",\"@id\":\"https:\\\/\\\/creanovaschool.com\\\/ca\\\/2020\\\/creanova-es-prepara-per-a-la-nova-normalitat-covid19\\\/#article\",\"isPartOf\":{\"@id\":\"https:\\\/\\\/creanovaschool.com\\\/ca\\\/2020\\\/creanova-es-prepara-per-a-la-nova-normalitat-covid19\\\/\"},\"author\":{\"name\":\"Silvia Ben\u00edtez\",\"@id\":\"https:\\\/\\\/creanovaschool.com\\\/#\\\/schema\\\/person\\\/76233ea477e705c16ea3af835fec0f15\"},\"headline\":\"CreaNova es prepara per a la nova normalitat\",\"datePublished\":\"2020-05-06T20:38:34+00:00\",\"dateModified\":\"2020-05-06T21:06:28+00:00\",\"mainEntityOfPage\":{\"@id\":\"https:\\\/\\\/creanovaschool.com\\\/ca\\\/2020\\\/creanova-es-prepara-per-a-la-nova-normalitat-covid19\\\/\"},\"wordCount\":216,\"publisher\":{\"@id\":\"https:\\\/\\\/creanovaschool.com\\\/#organization\"},\"image\":{\"@id\":\"https:\\\/\\\/creanovaschool.com\\\/ca\\\/2020\\\/creanova-es-prepara-per-a-la-nova-normalitat-covid19\\\/#primaryimage\"},\"thumbnailUrl\":\"https:\\\/\\\/creanovaschool.com\\\/wp-content\\\/uploads\\\/2020\\\/05\\\/creanova-es-prepara-nova-normalitat-covid19-preview.jpg\",\"keywords\":[\"2020\",\"batxillerat\",\"Batxillerat\",\"covid\",\"covid-19\",\"infantil\",\"Instal\u00b7lacions\",\"Instalaciones\",\"prim\u00e0ria\",\"secund\u00e0ria\"],\"articleSection\":[\"Sin categorizar\"],\"inLanguage\":\"en-GB\"},{\"@type\":\"WebPage\",\"@id\":\"https:\\\/\\\/creanovaschool.com\\\/ca\\\/2020\\\/creanova-es-prepara-per-a-la-nova-normalitat-covid19\\\/\",\"url\":\"https:\\\/\\\/creanovaschool.com\\\/ca\\\/2020\\\/creanova-es-prepara-per-a-la-nova-normalitat-covid19\\\/\",\"name\":\"CreaNova es prepara per a la nova normalitat - CreaNova School\",\"isPartOf\":{\"@id\":\"https:\\\/\\\/creanovaschool.com\\\/#website\"},\"primaryImageOfPage\":{\"@id\":\"https:\\\/\\\/creanovaschool.com\\\/ca\\\/2020\\\/creanova-es-prepara-per-a-la-nova-normalitat-covid19\\\/#primaryimage\"},\"image\":{\"@id\":\"https:\\\/\\\/creanovaschool.com\\\/ca\\\/2020\\\/creanova-es-prepara-per-a-la-nova-normalitat-covid19\\\/#primaryimage\"},\"thumbnailUrl\":\"https:\\\/\\\/creanovaschool.com\\\/wp-content\\\/uploads\\\/2020\\\/05\\\/creanova-es-prepara-nova-normalitat-covid19-preview.jpg\",\"datePublished\":\"2020-05-06T20:38:34+00:00\",\"dateModified\":\"2020-05-06T21:06:28+00:00\",\"description\":\"CreaNova ja est\u00e0 adequant les seves instal\u00b7lacions per al moment en qu\u00e8 s'autoritzi la reincorporaci\u00f3 a les aules d'alumnes i docents.\",\"breadcrumb\":{\"@id\":\"https:\\\/\\\/creanovaschool.com\\\/ca\\\/2020\\\/creanova-es-prepara-per-a-la-nova-normalitat-covid19\\\/#breadcrumb\"},\"inLanguage\":\"en-GB\",\"potentialAction\":[{\"@type\":\"ReadAction\",\"target\":[\"https:\\\/\\\/creanovaschool.com\\\/ca\\\/2020\\\/creanova-es-prepara-per-a-la-nova-normalitat-covid19\\\/\"]}]},{\"@type\":\"ImageObject\",\"inLanguage\":\"en-GB\",\"@id\":\"https:\\\/\\\/creanovaschool.com\\\/ca\\\/2020\\\/creanova-es-prepara-per-a-la-nova-normalitat-covid19\\\/#primaryimage\",\"url\":\"https:\\\/\\\/creanovaschool.com\\\/wp-content\\\/uploads\\\/2020\\\/05\\\/creanova-es-prepara-nova-normalitat-covid19-preview.jpg\",\"contentUrl\":\"https:\\\/\\\/creanovaschool.com\\\/wp-content\\\/uploads\\\/2020\\\/05\\\/creanova-es-prepara-nova-normalitat-covid19-preview.jpg\",\"width\":955,\"height\":753,\"caption\":\"CreaNova es prepara per a la nova normalitat - Covid19 - Col\u00b7legi CreaNova - Sant Cugat del vall\u00e8s\"},{\"@type\":\"BreadcrumbList\",\"@id\":\"https:\\\/\\\/creanovaschool.com\\\/ca\\\/2020\\\/creanova-es-prepara-per-a-la-nova-normalitat-covid19\\\/#breadcrumb\",\"itemListElement\":[{\"@type\":\"ListItem\",\"position\":1,\"name\":\"Portada\",\"item\":\"https:\\\/\\\/creanovaschool.com\\\/\"},{\"@type\":\"ListItem\",\"position\":2,\"name\":\"CreaNova es prepara per a la nova normalitat\"}]},{\"@type\":\"WebSite\",\"@id\":\"https:\\\/\\\/creanovaschool.com\\\/#website\",\"url\":\"https:\\\/\\\/creanovaschool.com\\\/\",\"name\":\"CreaNova School\",\"description\":\"Learning by doing private school in Barcelona\",\"publisher\":{\"@id\":\"https:\\\/\\\/creanovaschool.com\\\/#organization\"},\"potentialAction\":[{\"@type\":\"SearchAction\",\"target\":{\"@type\":\"EntryPoint\",\"urlTemplate\":\"https:\\\/\\\/creanovaschool.com\\\/?s={search_term_string}\"},\"query-input\":{\"@type\":\"PropertyValueSpecification\",\"valueRequired\":true,\"valueName\":\"search_term_string\"}}],\"inLanguage\":\"en-GB\"},{\"@type\":\"Organization\",\"@id\":\"https:\\\/\\\/creanovaschool.com\\\/#organization\",\"name\":\"CreaNova School\",\"url\":\"https:\\\/\\\/creanovaschool.com\\\/\",\"logo\":{\"@type\":\"ImageObject\",\"inLanguage\":\"en-GB\",\"@id\":\"https:\\\/\\\/creanovaschool.com\\\/#\\\/schema\\\/logo\\\/image\\\/\",\"url\":\"https:\\\/\\\/creanovaschool.com\\\/wp-content\\\/uploads\\\/2024\\\/07\\\/Logo_Creanova_claim.png\",\"contentUrl\":\"https:\\\/\\\/creanovaschool.com\\\/wp-content\\\/uploads\\\/2024\\\/07\\\/Logo_Creanova_claim.png\",\"width\":2909,\"height\":960,\"caption\":\"CreaNova School\"},\"image\":{\"@id\":\"https:\\\/\\\/creanovaschool.com\\\/#\\\/schema\\\/logo\\\/image\\\/\"},\"sameAs\":[\"https:\\\/\\\/www.facebook.com\\\/collegi.creanova\",\"https:\\\/\\\/x.com\\\/CollegiCreaNova\",\"https:\\\/\\\/www.instagram.com\\\/collegicreanova\\\/\",\"https:\\\/\\\/www.pinterest.com\\\/collegiCreaNova\\\/\",\"https:\\\/\\\/www.youtube.com\\\/channel\\\/UCNAWIuULmSWS1gnVCYmnIIw\"]},{\"@type\":\"Person\",\"@id\":\"https:\\\/\\\/creanovaschool.com\\\/#\\\/schema\\\/person\\\/76233ea477e705c16ea3af835fec0f15\",\"name\":\"Silvia Ben\u00edtez\",\"url\":\"https:\\\/\\\/creanovaschool.com\\\/en\\\/author\\\/silvia-benitez\\\/\"}]}<\/script>\n<!-- \/ Yoast SEO plugin. -->","yoast_head_json":{"title":"CreaNova prepares for the new normality - CreaNova School","description":"CreaNova is already adapting its facilities for the moment when students and teachers are authorised to return to the classrooms.","robots":{"index":"index","follow":"follow","max-snippet":"max-snippet:-1","max-image-preview":"max-image-preview:large","max-video-preview":"max-video-preview:-1"},"canonical":"https:\/\/creanovaschool.com\/en\/2020\/creanova-es-prepara-per-a-la-nova-normalitat-covid19\/","og_locale":"en_GB","og_type":"article","og_title":"CreaNova es prepara per a la nova normalitat - CreaNova School","og_description":"CreaNova ja est\u00e0 adequant les seves instal\u00b7lacions per al moment en qu\u00e8 s'autoritzi la reincorporaci\u00f3 a les aules d'alumnes i docents.","og_url":"https:\/\/creanovaschool.com\/en\/2020\/creanova-es-prepara-per-a-la-nova-normalitat-covid19\/","og_site_name":"CreaNova School","article_publisher":"https:\/\/www.facebook.com\/collegi.creanova","article_published_time":"2020-05-06T20:38:34+00:00","article_modified_time":"2020-05-06T21:06:28+00:00","og_image":[{"width":955,"height":753,"url":"https:\/\/creanovaschool.com\/wp-content\/uploads\/2020\/05\/creanova-es-prepara-nova-normalitat-covid19-preview.jpg","type":"image\/jpeg"}],"author":"Silvia Ben\u00edtez","twitter_card":"summary_large_image","twitter_creator":"@CollegiCreaNova","twitter_site":"@CollegiCreaNova","twitter_misc":{"Written by":"Silvia Ben\u00edtez","Estimated reading time":"1 minute"},"schema":{"@context":"https:\/\/schema.org","@graph":[{"@type":"Article","@id":"https:\/\/creanovaschool.com\/ca\/2020\/creanova-es-prepara-per-a-la-nova-normalitat-covid19\/#article","isPartOf":{"@id":"https:\/\/creanovaschool.com\/ca\/2020\/creanova-es-prepara-per-a-la-nova-normalitat-covid19\/"},"author":{"name":"Silvia Ben\u00edtez","@id":"https:\/\/creanovaschool.com\/#\/schema\/person\/76233ea477e705c16ea3af835fec0f15"},"headline":"CreaNova es prepara per a la nova normalitat","datePublished":"2020-05-06T20:38:34+00:00","dateModified":"2020-05-06T21:06:28+00:00","mainEntityOfPage":{"@id":"https:\/\/creanovaschool.com\/ca\/2020\/creanova-es-prepara-per-a-la-nova-normalitat-covid19\/"},"wordCount":216,"publisher":{"@id":"https:\/\/creanovaschool.com\/#organization"},"image":{"@id":"https:\/\/creanovaschool.com\/ca\/2020\/creanova-es-prepara-per-a-la-nova-normalitat-covid19\/#primaryimage"},"thumbnailUrl":"https:\/\/creanovaschool.com\/wp-content\/uploads\/2020\/05\/creanova-es-prepara-nova-normalitat-covid19-preview.jpg","keywords":["2020","batxillerat","Batxillerat","covid","covid-19","infantil","Instal\u00b7lacions","Instalaciones","prim\u00e0ria","secund\u00e0ria"],"articleSection":["Sin categorizar"],"inLanguage":"en-GB"},{"@type":"WebPage","@id":"https:\/\/creanovaschool.com\/ca\/2020\/creanova-es-prepara-per-a-la-nova-normalitat-covid19\/","url":"https:\/\/creanovaschool.com\/ca\/2020\/creanova-es-prepara-per-a-la-nova-normalitat-covid19\/","name":"CreaNova prepares for the new normality - CreaNova School","isPartOf":{"@id":"https:\/\/creanovaschool.com\/#website"},"primaryImageOfPage":{"@id":"https:\/\/creanovaschool.com\/ca\/2020\/creanova-es-prepara-per-a-la-nova-normalitat-covid19\/#primaryimage"},"image":{"@id":"https:\/\/creanovaschool.com\/ca\/2020\/creanova-es-prepara-per-a-la-nova-normalitat-covid19\/#primaryimage"},"thumbnailUrl":"https:\/\/creanovaschool.com\/wp-content\/uploads\/2020\/05\/creanova-es-prepara-nova-normalitat-covid19-preview.jpg","datePublished":"2020-05-06T20:38:34+00:00","dateModified":"2020-05-06T21:06:28+00:00","description":"CreaNova is already adapting its facilities for the moment when students and teachers are authorised to return to the classrooms.","breadcrumb":{"@id":"https:\/\/creanovaschool.com\/ca\/2020\/creanova-es-prepara-per-a-la-nova-normalitat-covid19\/#breadcrumb"},"inLanguage":"en-GB","potentialAction":[{"@type":"ReadAction","target":["https:\/\/creanovaschool.com\/ca\/2020\/creanova-es-prepara-per-a-la-nova-normalitat-covid19\/"]}]},{"@type":"ImageObject","inLanguage":"en-GB","@id":"https:\/\/creanovaschool.com\/ca\/2020\/creanova-es-prepara-per-a-la-nova-normalitat-covid19\/#primaryimage","url":"https:\/\/creanovaschool.com\/wp-content\/uploads\/2020\/05\/creanova-es-prepara-nova-normalitat-covid19-preview.jpg","contentUrl":"https:\/\/creanovaschool.com\/wp-content\/uploads\/2020\/05\/creanova-es-prepara-nova-normalitat-covid19-preview.jpg","width":955,"height":753,"caption":"CreaNova es prepara per a la nova normalitat - Covid19 - Col\u00b7legi CreaNova - Sant Cugat del vall\u00e8s"},{"@type":"BreadcrumbList","@id":"https:\/\/creanovaschool.com\/ca\/2020\/creanova-es-prepara-per-a-la-nova-normalitat-covid19\/#breadcrumb","itemListElement":[{"@type":"ListItem","position":1,"name":"Portada","item":"https:\/\/creanovaschool.com\/"},{"@type":"ListItem","position":2,"name":"CreaNova es prepara per a la nova normalitat"}]},{"@type":"WebSite","@id":"https:\/\/creanovaschool.com\/#website","url":"https:\/\/creanovaschool.com\/","name":"CreaNova School","description":"Learning by doing private school in Barcelona","publisher":{"@id":"https:\/\/creanovaschool.com\/#organization"},"potentialAction":[{"@type":"SearchAction","target":{"@type":"EntryPoint","urlTemplate":"https:\/\/creanovaschool.com\/?s={search_term_string}"},"query-input":{"@type":"PropertyValueSpecification","valueRequired":true,"valueName":"search_term_string"}}],"inLanguage":"en-GB"},{"@type":"Organization","@id":"https:\/\/creanovaschool.com\/#organization","name":"CreaNova School","url":"https:\/\/creanovaschool.com\/","logo":{"@type":"ImageObject","inLanguage":"en-GB","@id":"https:\/\/creanovaschool.com\/#\/schema\/logo\/image\/","url":"https:\/\/creanovaschool.com\/wp-content\/uploads\/2024\/07\/Logo_Creanova_claim.png","contentUrl":"https:\/\/creanovaschool.com\/wp-content\/uploads\/2024\/07\/Logo_Creanova_claim.png","width":2909,"height":960,"caption":"CreaNova School"},"image":{"@id":"https:\/\/creanovaschool.com\/#\/schema\/logo\/image\/"},"sameAs":["https:\/\/www.facebook.com\/collegi.creanova","https:\/\/x.com\/CollegiCreaNova","https:\/\/www.instagram.com\/collegicreanova\/","https:\/\/www.pinterest.com\/collegiCreaNova\/","https:\/\/www.youtube.com\/channel\/UCNAWIuULmSWS1gnVCYmnIIw"]},{"@type":"Person","@id":"https:\/\/creanovaschool.com\/#\/schema\/person\/76233ea477e705c16ea3af835fec0f15","name":"Silvia Ben\u00edtez","url":"https:\/\/creanovaschool.com\/en\/author\/silvia-benitez\/"}]}},"_links":{"self":[{"href":"https:\/\/creanovaschool.com\/en\/wp-json\/wp\/v2\/posts\/7993","targetHints":{"allow":["GET"]}}],"collection":[{"href":"https:\/\/creanovaschool.com\/en\/wp-json\/wp\/v2\/posts"}],"about":[{"href":"https:\/\/creanovaschool.com\/en\/wp-json\/wp\/v2\/types\/post"}],"author":[{"embeddable":true,"href":"https:\/\/creanovaschool.com\/en\/wp-json\/wp\/v2\/users\/8"}],"replies":[{"embeddable":true,"href":"https:\/\/creanovaschool.com\/en\/wp-json\/wp\/v2\/comments?post=7993"}],"version-history":[{"count":7,"href":"https:\/\/creanovaschool.com\/en\/wp-json\/wp\/v2\/posts\/7993\/revisions"}],"predecessor-version":[{"id":8004,"href":"https:\/\/creanovaschool.com\/en\/wp-json\/wp\/v2\/posts\/7993\/revisions\/8004"}],"wp:featuredmedia":[{"embeddable":true,"href":"https:\/\/creanovaschool.com\/en\/wp-json\/wp\/v2\/media\/7980"}],"wp:attachment":[{"href":"https:\/\/creanovaschool.com\/en\/wp-json\/wp\/v2\/media?parent=7993"}],"wp:term":[{"taxonomy":"category","embeddable":true,"href":"https:\/\/creanovaschool.com\/en\/wp-json\/wp\/v2\/categories?post=7993"},{"taxonomy":"post_tag","embeddable":true,"href":"https:\/\/creanovaschool.com\/en\/wp-json\/wp\/v2\/tags?post=7993"}],"curies":[{"name":"wp","href":"https:\/\/api.w.org\/{rel}","templated":true}]}}