{"id":8149,"date":"2020-05-13T08:23:22","date_gmt":"2020-05-13T08:23:22","guid":{"rendered":"https:\/\/creanovaschool.com\/2020\/creanova-summer-camps-2020-6-semanas-tematicas-en-junio-y-julio\/"},"modified":"2020-05-13T15:16:54","modified_gmt":"2020-05-13T15:16:54","slug":"creanova-summer-camps-2020-6-setmanes-tematiques-al-juny-i-juliol","status":"publish","type":"post","link":"https:\/\/creanovaschool.com\/en\/2020\/creanova-summer-camps-2020-6-setmanes-tematiques-al-juny-i-juliol\/","title":{"rendered":"CreaNova Summer Camps 2020: 6 thematic sets every June and July"},"content":{"rendered":"<p>Des del 22 de juny fins al 31 de juliol podreu gaudir a trav\u00e9s del <strong>teatre<\/strong>, l&#8217;<strong>esport<\/strong>, la <strong>m\u00fasica<\/strong>, el <strong>cinema<\/strong>, la <strong>cuina<\/strong>, la <strong>ci\u00e8ncia<\/strong> i la <strong>tecnologia<\/strong>, d\u2019infinitat d\u2019activitats \ud83d\ude42&nbsp;<br \/>\n<!--more--><\/p>\n<p><strong>Summer Camps oberts a totes les nenes i nens de 3 a 16 anys d&#8217;Ed. Infantil, Prim\u00e0ria i Secund\u00e0ria, de tots els centres escolars.<\/strong><\/p>\n<p>Amb la base del Projecte Educatiu del nostre col\u00b7legi, <strong>&#8216;Learning by doing&#8217;<\/strong>, cadascuna de les setmanes ofereix als vostres fills \/ es una s\u00e8rie d&#8217;oportunitats per explorar, indagar i experimentar. Les activitats i projectes s\u00f3n pr\u00e0ctics, exposant a l&#8217;alumne a l&#8217;assaig-error, a la descoberta constant i a l&#8217;avidesa per aprendre, sempre motivat i amb nous reptes a assolir.<\/p>\n<p><strong>Cadascuna de les propostes i setmanes tem\u00e0tiques estan adequades i dissenyades d&#8217;acord als diferents grups multiedat i aprofitant els interessos i la motivaci\u00f3 de cada un d&#8217;ells.<\/strong><\/p>\n<p>Des del 22 de juny fins al 31 de juliol podreu gaudir a trav\u00e9s del teatre, l&#8217;esport, la m\u00fasica, el cinema, la cuina, la ci\u00e8ncia i la tecnologia, d&#8217;infinitat d&#8217;activitats, enriquint-nos en un entorn \u00fanic, compartint experi\u00e8ncies i aventures i coneixent a noves amistats.<\/p>\n<h3><strong>PROGRAMACI\u00d3<\/strong><\/h3>\n<p>Utilitzant el format d\u2019un programa de televisi\u00f3 setmanal amb diferents temes cada setmana, els\/les alumnes tindran l\u2019oportunitat de desenvolupar les seves habilitats en diferents idiomes en un entorn natural i lliure.<\/p>\n<p>Seguint la filosofia de CreaNova, els grups seran multiedat i l\u2019oferta setmanal tindr\u00e0 com a fil conductor el mateix de les setmanes tem\u00e0tiques generals, adaptant les propostes, tallers i activitats als interessos i inquietuds dels diferents grups.<\/p>\n<p>[vc_row][vc_column width=&#8217;1\/3&#8242;]<\/p>\n<p><img fetchpriority=\"high\" decoding=\"async\" class=\"alignleft wp-image-8102 size-full\" src=\"https:\/\/creanovaschool.com\/wp-content\/uploads\/2020\/05\/creanova-summer-camps-2020-week-1.png\" alt=\"\" width=\"300\" height=\"300\" srcset=\"https:\/\/creanovaschool.com\/wp-content\/uploads\/2020\/05\/creanova-summer-camps-2020-week-1.png 300w, https:\/\/creanovaschool.com\/wp-content\/uploads\/2020\/05\/creanova-summer-camps-2020-week-1-150x150.png 150w\" sizes=\"(max-width: 300px) 100vw, 300px\" \/><\/p>\n<p>Semana 1: Teatre Musical[\/vc_column][vc_column width=&#8217;1\/3&#8242;]<\/p>\n<p style=\"text-align: left;\"><img decoding=\"async\" class=\"alignleft wp-image-8108 size-full\" src=\"https:\/\/creanovaschool.com\/wp-content\/uploads\/2020\/05\/creanova-summer-camps-2020-week-2.png\" alt=\"CreaNova Summer Camps 2020 Week 2 - Col\u00b7legi CreaNova learning by Doing - Sant Cugat del Vall\u00e8s (Barcelona)\" width=\"300\" height=\"300\" srcset=\"https:\/\/creanovaschool.com\/wp-content\/uploads\/2020\/05\/creanova-summer-camps-2020-week-2.png 300w, https:\/\/creanovaschool.com\/wp-content\/uploads\/2020\/05\/creanova-summer-camps-2020-week-2-150x150.png 150w\" sizes=\"(max-width: 300px) 100vw, 300px\" \/>Semana 2: Sports &amp; Health<\/p>\n<p>[\/vc_column][vc_column width=&#8217;1\/3&#8242;]<\/p>\n<p style=\"text-align: left;\"><img decoding=\"async\" class=\"alignleft wp-image-8111 size-full\" src=\"https:\/\/creanovaschool.com\/wp-content\/uploads\/2020\/05\/creanova-summer-camps-2020-week-3.png\" alt=\"CreaNova Summer Camps 2020 Week 3 - Col\u00b7legi CreaNova learning by Doing - Sant Cugat del Vall\u00e8s (Barcelona)\" width=\"300\" height=\"300\" srcset=\"https:\/\/creanovaschool.com\/wp-content\/uploads\/2020\/05\/creanova-summer-camps-2020-week-3.png 300w, https:\/\/creanovaschool.com\/wp-content\/uploads\/2020\/05\/creanova-summer-camps-2020-week-3-150x150.png 150w\" sizes=\"(max-width: 300px) 100vw, 300px\" \/>Semana 3: Let&#8217;s Cook<\/p>\n<p>[\/vc_column][\/vc_row]<\/p>\n<p>[vc_row][vc_column width=&#8217;1\/3&#8242;]<\/p>\n<p><img loading=\"lazy\" decoding=\"async\" class=\"alignleft wp-image-8102 size-full\" src=\"https:\/\/creanovaschool.com\/wp-content\/uploads\/2020\/05\/creanova-summer-camps-2020-week-4.png\" alt=\"\" width=\"300\" height=\"300\"><\/p>\n<p>Semana 4: Discovering Science[\/vc_column][vc_column width=&#8217;1\/3&#8242;]<\/p>\n<p style=\"text-align: left;\"><img loading=\"lazy\" decoding=\"async\" class=\"alignleft wp-image-8108 size-full\" src=\"https:\/\/creanovaschool.com\/wp-content\/uploads\/2020\/05\/creanova-summer-camps-2020-week-5.png\" alt=\"CreaNova Summer Camps 2020 Week 2 - Col\u00b7legi CreaNova learning by Doing - Sant Cugat del Vall\u00e8s (Barcelona)\" width=\"300\" height=\"300\">Semana 5: Cinema &amp; Drama<\/p>\n<p>[\/vc_column][vc_column width=&#8217;1\/3&#8242;]<\/p>\n<p style=\"text-align: left;\"><img loading=\"lazy\" decoding=\"async\" class=\"alignleft wp-image-8111 size-full\" src=\"https:\/\/creanovaschool.com\/wp-content\/uploads\/2020\/05\/creanova-summer-camps-2020-week-6.png\" alt=\"CreaNova Summer Camps 2020 Week 3 - Col\u00b7legi CreaNova learning by Doing - Sant Cugat del Vall\u00e8s (Barcelona)\" width=\"300\" height=\"300\">Semana 6: Travelling around the world<\/p>\n<p>[\/vc_column][\/vc_row]<\/p>\n<p>[vc_row]<\/p>\n<h4>Setmanes tem\u00e0tiques:<\/h4>\n<p>Setmana 1 (4 dies, 22- 26 juny) Teatre musical<br \/>\nSetmana 2 (4 dies, 29 juny \u2013 3 juliol) Sports &amp; Heatlh<br \/>\nSetmana 3 (6-10 juliol) Let\u2019s cook!<br \/>\nSetmana 4 (13-17 juliol) Discovering Science (STEAM)<br \/>\nSetmana 5 (20-24 juliol) Cinema &amp; Drama<br \/>\nSetmana 6 (27-31 juliol) Travelling around the world<\/p>\n<h4>Visites culturals:<\/h4>\n<p>Setmana 1: Fusi\u00f3 (Escola de M\u00fasica i Dansa)<br \/>\nSetmana 2: CAR (Centre d\u2019Alt Rendiment Esportiu)<br \/>\nSetmana 3: Restauraci\u00f3 (Fund. Alicia)<br \/>\nSetmana 4: Museu de la Ci\u00e8ncia i de la T\u00e8cnica (Terrassa)<br \/>\nSetmana 5: Museu del Cinema (Girona)<br \/>\nSetmana 6: Catalunya en Miniatura<br \/>\n[\/vc_row]<\/p>\n<p>[vc_row]<br \/>\n<em>Segons l\u2019evoluci\u00f3 de la situaci\u00f3 generada per la pand\u00e8mia de Covid19, els Summer Camps a CreaNova es desenvoluparan d\u2019acord amb les normes sanit\u00e0ries i de prevenci\u00f3 dictades pels Departaments de Salut i d\u2019Educaci\u00f3. M\u00e9s informaci\u00f3 a <strong><a href=\"mailto:info@creanovaschool.com\">info@creanovaschool.com<\/a><\/strong><\/em><\/p>\n<p>M\u00e9s informaci\u00f3 i inscripcions al <strong><a href=\"\/pdf\/summer-camps\/2020\/summer-camp-creanova-2020-cat-web.pdf\" target=\"_blank\" rel=\"noopener noreferrer\">PDF informatiu<\/a><\/strong> i a <strong><a href=\"mailto:info@creanovaschool.com\">info@creanovaschool.com&nbsp;<\/a><\/strong><\/p>\n<h4>Us hi esperem!<\/h4>\n<p>[\/vc_row]<\/p>\n<p>&nbsp;<\/p>\n","protected":false},"excerpt":{"rendered":"<p>From June 22nd to July 31st you can enjoy theatre, sport, music, cinema, cooking, science and technology through an infinite number of activities \ud83d\ude42&nbsp;<\/p>","protected":false},"author":8,"featured_media":8145,"comment_status":"closed","ping_status":"open","sticky":false,"template":"","format":"standard","meta":{"footnotes":""},"categories":[11],"tags":[481,425,406,124,638,639,646,409,647,640,641,558,430],"class_list":["post-8149","post","type-post","status-publish","format-standard","has-post-thumbnail","hentry","category-sin-categorizar","tag-2020-ca","tag-ciencia-ca","tag-cine-ca","tag-cuina","tag-cocina-ca","tag-deporte-ca","tag-esports","tag-musica-ca","tag-setmanes-tematiques","tag-semanas-tematicas-ca","tag-summer-camps-ca","tag-teatre","tag-tecnologia-ca"],"yoast_head":"<!-- This site is optimized with the Yoast SEO plugin v27.5 - https:\/\/yoast.com\/product\/yoast-seo-wordpress\/ -->\n<title>CreaNova Summer Camps 2020: 6 setmanes tem\u00e0tiques al juny i juliol<\/title>\n<meta name=\"description\" content=\"Tu esculls! Des del 22 de juny fins al 31 de juliol podreu gaudir a trav\u00e9s del teatre, l&#039;esport, la m\u00fasica, el cinema, la cuina, la ci\u00e8ncia i la tecnologia :)\u00a0\" \/>\n<meta name=\"robots\" content=\"index, follow, max-snippet:-1, max-image-preview:large, max-video-preview:-1\" \/>\n<link rel=\"canonical\" href=\"https:\/\/creanovaschool.com\/en\/2020\/creanova-summer-camps-2020-6-setmanes-tematiques-al-juny-i-juliol\/\" \/>\n<meta property=\"og:locale\" content=\"en_GB\" \/>\n<meta property=\"og:type\" content=\"article\" \/>\n<meta property=\"og:title\" content=\"CreaNova Summer Camps 2020: 6 setmanes tem\u00e0tiques al juny i juliol\" \/>\n<meta property=\"og:description\" content=\"Tu esculls! Des del 22 de juny fins al 31 de juliol podreu gaudir a trav\u00e9s del teatre, l&#039;esport, la m\u00fasica, el cinema, la cuina, la ci\u00e8ncia i la tecnologia :)\u00a0\" \/>\n<meta property=\"og:url\" content=\"https:\/\/creanovaschool.com\/en\/2020\/creanova-summer-camps-2020-6-setmanes-tematiques-al-juny-i-juliol\/\" \/>\n<meta property=\"og:site_name\" content=\"CreaNova School\" \/>\n<meta property=\"article:publisher\" content=\"https:\/\/www.facebook.com\/collegi.creanova\" \/>\n<meta property=\"article:published_time\" content=\"2020-05-13T08:23:22+00:00\" \/>\n<meta property=\"article:modified_time\" content=\"2020-05-13T15:16:54+00:00\" \/>\n<meta property=\"og:image\" content=\"https:\/\/creanovaschool.com\/wp-content\/uploads\/2020\/05\/creanova-summer-camps-2020-preview.jpg\" \/>\n\t<meta property=\"og:image:width\" content=\"1200\" \/>\n\t<meta property=\"og:image:height\" content=\"1000\" \/>\n\t<meta property=\"og:image:type\" content=\"image\/jpeg\" \/>\n<meta name=\"author\" content=\"Silvia Ben\u00edtez\" \/>\n<meta name=\"twitter:card\" content=\"summary_large_image\" \/>\n<meta name=\"twitter:creator\" content=\"@CollegiCreaNova\" \/>\n<meta name=\"twitter:site\" content=\"@CollegiCreaNova\" \/>\n<meta name=\"twitter:label1\" content=\"Written by\" \/>\n\t<meta name=\"twitter:data1\" content=\"Silvia Ben\u00edtez\" \/>\n\t<meta name=\"twitter:label2\" content=\"Estimated reading time\" \/>\n\t<meta name=\"twitter:data2\" content=\"2 minutes\" \/>\n<script type=\"application\/ld+json\" class=\"yoast-schema-graph\">{\"@context\":\"https:\\\/\\\/schema.org\",\"@graph\":[{\"@type\":\"Article\",\"@id\":\"https:\\\/\\\/creanovaschool.com\\\/ca\\\/2020\\\/creanova-summer-camps-2020-6-setmanes-tematiques-al-juny-i-juliol\\\/#article\",\"isPartOf\":{\"@id\":\"https:\\\/\\\/creanovaschool.com\\\/ca\\\/2020\\\/creanova-summer-camps-2020-6-setmanes-tematiques-al-juny-i-juliol\\\/\"},\"author\":{\"name\":\"Silvia Ben\u00edtez\",\"@id\":\"https:\\\/\\\/creanovaschool.com\\\/#\\\/schema\\\/person\\\/76233ea477e705c16ea3af835fec0f15\"},\"headline\":\"CreaNova Summer Camps 2020: 6 setmanes tem\u00e0tiques al juny i juliol\",\"datePublished\":\"2020-05-13T08:23:22+00:00\",\"dateModified\":\"2020-05-13T15:16:54+00:00\",\"mainEntityOfPage\":{\"@id\":\"https:\\\/\\\/creanovaschool.com\\\/ca\\\/2020\\\/creanova-summer-camps-2020-6-setmanes-tematiques-al-juny-i-juliol\\\/\"},\"wordCount\":503,\"publisher\":{\"@id\":\"https:\\\/\\\/creanovaschool.com\\\/#organization\"},\"image\":{\"@id\":\"https:\\\/\\\/creanovaschool.com\\\/ca\\\/2020\\\/creanova-summer-camps-2020-6-setmanes-tematiques-al-juny-i-juliol\\\/#primaryimage\"},\"thumbnailUrl\":\"https:\\\/\\\/creanovaschool.com\\\/wp-content\\\/uploads\\\/2020\\\/05\\\/creanova-summer-camps-2020-preview.jpg\",\"keywords\":[\"2020\",\"Ci\u00e8ncia\",\"Cinema\",\"cuina\",\"Cuina\",\"Esport\",\"Esports\",\"M\u00fasica\",\"Setmanes tem\u00e0tiques\",\"Setmanes Tem\u00e0tiques\",\"Summer Camps\",\"teatre\",\"Tecnologia\"],\"articleSection\":[\"Sin categorizar\"],\"inLanguage\":\"en-GB\"},{\"@type\":\"WebPage\",\"@id\":\"https:\\\/\\\/creanovaschool.com\\\/ca\\\/2020\\\/creanova-summer-camps-2020-6-setmanes-tematiques-al-juny-i-juliol\\\/\",\"url\":\"https:\\\/\\\/creanovaschool.com\\\/ca\\\/2020\\\/creanova-summer-camps-2020-6-setmanes-tematiques-al-juny-i-juliol\\\/\",\"name\":\"CreaNova Summer Camps 2020: 6 setmanes tem\u00e0tiques al juny i juliol\",\"isPartOf\":{\"@id\":\"https:\\\/\\\/creanovaschool.com\\\/#website\"},\"primaryImageOfPage\":{\"@id\":\"https:\\\/\\\/creanovaschool.com\\\/ca\\\/2020\\\/creanova-summer-camps-2020-6-setmanes-tematiques-al-juny-i-juliol\\\/#primaryimage\"},\"image\":{\"@id\":\"https:\\\/\\\/creanovaschool.com\\\/ca\\\/2020\\\/creanova-summer-camps-2020-6-setmanes-tematiques-al-juny-i-juliol\\\/#primaryimage\"},\"thumbnailUrl\":\"https:\\\/\\\/creanovaschool.com\\\/wp-content\\\/uploads\\\/2020\\\/05\\\/creanova-summer-camps-2020-preview.jpg\",\"datePublished\":\"2020-05-13T08:23:22+00:00\",\"dateModified\":\"2020-05-13T15:16:54+00:00\",\"description\":\"Tu esculls! Des del 22 de juny fins al 31 de juliol podreu gaudir a trav\u00e9s del teatre, l'esport, la m\u00fasica, el cinema, la cuina, la ci\u00e8ncia i la tecnologia :)\u00a0\",\"breadcrumb\":{\"@id\":\"https:\\\/\\\/creanovaschool.com\\\/ca\\\/2020\\\/creanova-summer-camps-2020-6-setmanes-tematiques-al-juny-i-juliol\\\/#breadcrumb\"},\"inLanguage\":\"en-GB\",\"potentialAction\":[{\"@type\":\"ReadAction\",\"target\":[\"https:\\\/\\\/creanovaschool.com\\\/ca\\\/2020\\\/creanova-summer-camps-2020-6-setmanes-tematiques-al-juny-i-juliol\\\/\"]}]},{\"@type\":\"ImageObject\",\"inLanguage\":\"en-GB\",\"@id\":\"https:\\\/\\\/creanovaschool.com\\\/ca\\\/2020\\\/creanova-summer-camps-2020-6-setmanes-tematiques-al-juny-i-juliol\\\/#primaryimage\",\"url\":\"https:\\\/\\\/creanovaschool.com\\\/wp-content\\\/uploads\\\/2020\\\/05\\\/creanova-summer-camps-2020-preview.jpg\",\"contentUrl\":\"https:\\\/\\\/creanovaschool.com\\\/wp-content\\\/uploads\\\/2020\\\/05\\\/creanova-summer-camps-2020-preview.jpg\",\"width\":1200,\"height\":1000,\"caption\":\"CreaNova Summer Camps 2020 - Col\u00b7legi CreaNova learning by Doing - Sant Cugat del Vall\u00e8s (Barcelona)\"},{\"@type\":\"BreadcrumbList\",\"@id\":\"https:\\\/\\\/creanovaschool.com\\\/ca\\\/2020\\\/creanova-summer-camps-2020-6-setmanes-tematiques-al-juny-i-juliol\\\/#breadcrumb\",\"itemListElement\":[{\"@type\":\"ListItem\",\"position\":1,\"name\":\"Portada\",\"item\":\"https:\\\/\\\/creanovaschool.com\\\/\"},{\"@type\":\"ListItem\",\"position\":2,\"name\":\"CreaNova Summer Camps 2020: 6 setmanes tem\u00e0tiques al juny i juliol\"}]},{\"@type\":\"WebSite\",\"@id\":\"https:\\\/\\\/creanovaschool.com\\\/#website\",\"url\":\"https:\\\/\\\/creanovaschool.com\\\/\",\"name\":\"CreaNova School\",\"description\":\"Learning by doing private school in Barcelona\",\"publisher\":{\"@id\":\"https:\\\/\\\/creanovaschool.com\\\/#organization\"},\"potentialAction\":[{\"@type\":\"SearchAction\",\"target\":{\"@type\":\"EntryPoint\",\"urlTemplate\":\"https:\\\/\\\/creanovaschool.com\\\/?s={search_term_string}\"},\"query-input\":{\"@type\":\"PropertyValueSpecification\",\"valueRequired\":true,\"valueName\":\"search_term_string\"}}],\"inLanguage\":\"en-GB\"},{\"@type\":\"Organization\",\"@id\":\"https:\\\/\\\/creanovaschool.com\\\/#organization\",\"name\":\"CreaNova School\",\"url\":\"https:\\\/\\\/creanovaschool.com\\\/\",\"logo\":{\"@type\":\"ImageObject\",\"inLanguage\":\"en-GB\",\"@id\":\"https:\\\/\\\/creanovaschool.com\\\/#\\\/schema\\\/logo\\\/image\\\/\",\"url\":\"https:\\\/\\\/creanovaschool.com\\\/wp-content\\\/uploads\\\/2024\\\/07\\\/Logo_Creanova_claim.png\",\"contentUrl\":\"https:\\\/\\\/creanovaschool.com\\\/wp-content\\\/uploads\\\/2024\\\/07\\\/Logo_Creanova_claim.png\",\"width\":2909,\"height\":960,\"caption\":\"CreaNova School\"},\"image\":{\"@id\":\"https:\\\/\\\/creanovaschool.com\\\/#\\\/schema\\\/logo\\\/image\\\/\"},\"sameAs\":[\"https:\\\/\\\/www.facebook.com\\\/collegi.creanova\",\"https:\\\/\\\/x.com\\\/CollegiCreaNova\",\"https:\\\/\\\/www.instagram.com\\\/collegicreanova\\\/\",\"https:\\\/\\\/www.pinterest.com\\\/collegiCreaNova\\\/\",\"https:\\\/\\\/www.youtube.com\\\/channel\\\/UCNAWIuULmSWS1gnVCYmnIIw\"]},{\"@type\":\"Person\",\"@id\":\"https:\\\/\\\/creanovaschool.com\\\/#\\\/schema\\\/person\\\/76233ea477e705c16ea3af835fec0f15\",\"name\":\"Silvia Ben\u00edtez\",\"url\":\"https:\\\/\\\/creanovaschool.com\\\/en\\\/author\\\/silvia-benitez\\\/\"}]}<\/script>\n<!-- \/ Yoast SEO plugin. -->","yoast_head_json":{"title":"CreaNova Summer Camps 2020: 6 thematic sets every June and July","description":"You sculpt! From 22 June to 31 July you can enjoy theatre, sport, music, cinema, cooking, science and technology :)\u00a0","robots":{"index":"index","follow":"follow","max-snippet":"max-snippet:-1","max-image-preview":"max-image-preview:large","max-video-preview":"max-video-preview:-1"},"canonical":"https:\/\/creanovaschool.com\/en\/2020\/creanova-summer-camps-2020-6-setmanes-tematiques-al-juny-i-juliol\/","og_locale":"en_GB","og_type":"article","og_title":"CreaNova Summer Camps 2020: 6 setmanes tem\u00e0tiques al juny i juliol","og_description":"Tu esculls! Des del 22 de juny fins al 31 de juliol podreu gaudir a trav\u00e9s del teatre, l'esport, la m\u00fasica, el cinema, la cuina, la ci\u00e8ncia i la tecnologia :)\u00a0","og_url":"https:\/\/creanovaschool.com\/en\/2020\/creanova-summer-camps-2020-6-setmanes-tematiques-al-juny-i-juliol\/","og_site_name":"CreaNova School","article_publisher":"https:\/\/www.facebook.com\/collegi.creanova","article_published_time":"2020-05-13T08:23:22+00:00","article_modified_time":"2020-05-13T15:16:54+00:00","og_image":[{"width":1200,"height":1000,"url":"https:\/\/creanovaschool.com\/wp-content\/uploads\/2020\/05\/creanova-summer-camps-2020-preview.jpg","type":"image\/jpeg"}],"author":"Silvia Ben\u00edtez","twitter_card":"summary_large_image","twitter_creator":"@CollegiCreaNova","twitter_site":"@CollegiCreaNova","twitter_misc":{"Written by":"Silvia Ben\u00edtez","Estimated reading time":"2 minutes"},"schema":{"@context":"https:\/\/schema.org","@graph":[{"@type":"Article","@id":"https:\/\/creanovaschool.com\/ca\/2020\/creanova-summer-camps-2020-6-setmanes-tematiques-al-juny-i-juliol\/#article","isPartOf":{"@id":"https:\/\/creanovaschool.com\/ca\/2020\/creanova-summer-camps-2020-6-setmanes-tematiques-al-juny-i-juliol\/"},"author":{"name":"Silvia Ben\u00edtez","@id":"https:\/\/creanovaschool.com\/#\/schema\/person\/76233ea477e705c16ea3af835fec0f15"},"headline":"CreaNova Summer Camps 2020: 6 setmanes tem\u00e0tiques al juny i juliol","datePublished":"2020-05-13T08:23:22+00:00","dateModified":"2020-05-13T15:16:54+00:00","mainEntityOfPage":{"@id":"https:\/\/creanovaschool.com\/ca\/2020\/creanova-summer-camps-2020-6-setmanes-tematiques-al-juny-i-juliol\/"},"wordCount":503,"publisher":{"@id":"https:\/\/creanovaschool.com\/#organization"},"image":{"@id":"https:\/\/creanovaschool.com\/ca\/2020\/creanova-summer-camps-2020-6-setmanes-tematiques-al-juny-i-juliol\/#primaryimage"},"thumbnailUrl":"https:\/\/creanovaschool.com\/wp-content\/uploads\/2020\/05\/creanova-summer-camps-2020-preview.jpg","keywords":["2020","Ci\u00e8ncia","Cinema","cuina","Cuina","Esport","Esports","M\u00fasica","Setmanes tem\u00e0tiques","Setmanes Tem\u00e0tiques","Summer Camps","teatre","Tecnologia"],"articleSection":["Sin categorizar"],"inLanguage":"en-GB"},{"@type":"WebPage","@id":"https:\/\/creanovaschool.com\/ca\/2020\/creanova-summer-camps-2020-6-setmanes-tematiques-al-juny-i-juliol\/","url":"https:\/\/creanovaschool.com\/ca\/2020\/creanova-summer-camps-2020-6-setmanes-tematiques-al-juny-i-juliol\/","name":"CreaNova Summer Camps 2020: 6 thematic sets every June and July","isPartOf":{"@id":"https:\/\/creanovaschool.com\/#website"},"primaryImageOfPage":{"@id":"https:\/\/creanovaschool.com\/ca\/2020\/creanova-summer-camps-2020-6-setmanes-tematiques-al-juny-i-juliol\/#primaryimage"},"image":{"@id":"https:\/\/creanovaschool.com\/ca\/2020\/creanova-summer-camps-2020-6-setmanes-tematiques-al-juny-i-juliol\/#primaryimage"},"thumbnailUrl":"https:\/\/creanovaschool.com\/wp-content\/uploads\/2020\/05\/creanova-summer-camps-2020-preview.jpg","datePublished":"2020-05-13T08:23:22+00:00","dateModified":"2020-05-13T15:16:54+00:00","description":"You sculpt! From 22 June to 31 July you can enjoy theatre, sport, music, cinema, cooking, science and technology :)\u00a0","breadcrumb":{"@id":"https:\/\/creanovaschool.com\/ca\/2020\/creanova-summer-camps-2020-6-setmanes-tematiques-al-juny-i-juliol\/#breadcrumb"},"inLanguage":"en-GB","potentialAction":[{"@type":"ReadAction","target":["https:\/\/creanovaschool.com\/ca\/2020\/creanova-summer-camps-2020-6-setmanes-tematiques-al-juny-i-juliol\/"]}]},{"@type":"ImageObject","inLanguage":"en-GB","@id":"https:\/\/creanovaschool.com\/ca\/2020\/creanova-summer-camps-2020-6-setmanes-tematiques-al-juny-i-juliol\/#primaryimage","url":"https:\/\/creanovaschool.com\/wp-content\/uploads\/2020\/05\/creanova-summer-camps-2020-preview.jpg","contentUrl":"https:\/\/creanovaschool.com\/wp-content\/uploads\/2020\/05\/creanova-summer-camps-2020-preview.jpg","width":1200,"height":1000,"caption":"CreaNova Summer Camps 2020 - Col\u00b7legi CreaNova learning by Doing - Sant Cugat del Vall\u00e8s (Barcelona)"},{"@type":"BreadcrumbList","@id":"https:\/\/creanovaschool.com\/ca\/2020\/creanova-summer-camps-2020-6-setmanes-tematiques-al-juny-i-juliol\/#breadcrumb","itemListElement":[{"@type":"ListItem","position":1,"name":"Portada","item":"https:\/\/creanovaschool.com\/"},{"@type":"ListItem","position":2,"name":"CreaNova Summer Camps 2020: 6 setmanes tem\u00e0tiques al juny i juliol"}]},{"@type":"WebSite","@id":"https:\/\/creanovaschool.com\/#website","url":"https:\/\/creanovaschool.com\/","name":"CreaNova School","description":"Learning by doing private school in Barcelona","publisher":{"@id":"https:\/\/creanovaschool.com\/#organization"},"potentialAction":[{"@type":"SearchAction","target":{"@type":"EntryPoint","urlTemplate":"https:\/\/creanovaschool.com\/?s={search_term_string}"},"query-input":{"@type":"PropertyValueSpecification","valueRequired":true,"valueName":"search_term_string"}}],"inLanguage":"en-GB"},{"@type":"Organization","@id":"https:\/\/creanovaschool.com\/#organization","name":"CreaNova School","url":"https:\/\/creanovaschool.com\/","logo":{"@type":"ImageObject","inLanguage":"en-GB","@id":"https:\/\/creanovaschool.com\/#\/schema\/logo\/image\/","url":"https:\/\/creanovaschool.com\/wp-content\/uploads\/2024\/07\/Logo_Creanova_claim.png","contentUrl":"https:\/\/creanovaschool.com\/wp-content\/uploads\/2024\/07\/Logo_Creanova_claim.png","width":2909,"height":960,"caption":"CreaNova School"},"image":{"@id":"https:\/\/creanovaschool.com\/#\/schema\/logo\/image\/"},"sameAs":["https:\/\/www.facebook.com\/collegi.creanova","https:\/\/x.com\/CollegiCreaNova","https:\/\/www.instagram.com\/collegicreanova\/","https:\/\/www.pinterest.com\/collegiCreaNova\/","https:\/\/www.youtube.com\/channel\/UCNAWIuULmSWS1gnVCYmnIIw"]},{"@type":"Person","@id":"https:\/\/creanovaschool.com\/#\/schema\/person\/76233ea477e705c16ea3af835fec0f15","name":"Silvia Ben\u00edtez","url":"https:\/\/creanovaschool.com\/en\/author\/silvia-benitez\/"}]}},"_links":{"self":[{"href":"https:\/\/creanovaschool.com\/en\/wp-json\/wp\/v2\/posts\/8149","targetHints":{"allow":["GET"]}}],"collection":[{"href":"https:\/\/creanovaschool.com\/en\/wp-json\/wp\/v2\/posts"}],"about":[{"href":"https:\/\/creanovaschool.com\/en\/wp-json\/wp\/v2\/types\/post"}],"author":[{"embeddable":true,"href":"https:\/\/creanovaschool.com\/en\/wp-json\/wp\/v2\/users\/8"}],"replies":[{"embeddable":true,"href":"https:\/\/creanovaschool.com\/en\/wp-json\/wp\/v2\/comments?post=8149"}],"version-history":[{"count":9,"href":"https:\/\/creanovaschool.com\/en\/wp-json\/wp\/v2\/posts\/8149\/revisions"}],"predecessor-version":[{"id":8166,"href":"https:\/\/creanovaschool.com\/en\/wp-json\/wp\/v2\/posts\/8149\/revisions\/8166"}],"wp:featuredmedia":[{"embeddable":true,"href":"https:\/\/creanovaschool.com\/en\/wp-json\/wp\/v2\/media\/8145"}],"wp:attachment":[{"href":"https:\/\/creanovaschool.com\/en\/wp-json\/wp\/v2\/media?parent=8149"}],"wp:term":[{"taxonomy":"category","embeddable":true,"href":"https:\/\/creanovaschool.com\/en\/wp-json\/wp\/v2\/categories?post=8149"},{"taxonomy":"post_tag","embeddable":true,"href":"https:\/\/creanovaschool.com\/en\/wp-json\/wp\/v2\/tags?post=8149"}],"curies":[{"name":"wp","href":"https:\/\/api.w.org\/{rel}","templated":true}]}}